{"id":1610,"date":"2013-06-24T06:42:03","date_gmt":"2013-06-24T06:42:03","guid":{"rendered":"http:\/\/www.osirtuchola.pl\/?p=1610"},"modified":"2013-06-24T06:42:03","modified_gmt":"2013-06-24T06:42:03","slug":"zloto-dla-patrycji-grzonkowskiej","status":"publish","type":"post","link":"https:\/\/www.osirtuchola.pl\/?p=1610","title":{"rendered":"Z\u0141OTO DLA PATRYCJI GRZONKOWSKIEJ"},"content":{"rendered":"<p><a href=\"http:\/\/www.osirtuchola.pl\/?attachment_id=1611\" rel=\"attachment wp-att-1611\"><img loading=\"lazy\" decoding=\"async\" class=\"alignleft  wp-image-1611\" title=\"\u0142\u00f3d\u017a\" src=\"http:\/\/www.osirtuchola.pl\/wp-content\/uploads\/2013\/06\/\u0142\u00f3d\u017a.jpg\" alt=\"\" width=\"292\" height=\"255\" \/><\/a>Znakomity wyst\u0119p zanotowali m\u0142odzi tucholscy sportowcy, kt\u00f3rzy w ostatni weekend w \u0141odzi wzi\u0119li udzia\u0142 w og\u00f3lnopolskich fina\u0142ach Czwartk\u00f3w LA.\u00a0 Trzy medalowe miejsca &#8211; <strong>z\u0142ota Patrycja Grzonkowska, srebrny Kacper Bartczak i br\u0105zowa Wiktoria Szyma\u0144ska<\/strong> (na zdj\u0119ciu obok) i kilka bardzo warto\u015bciowych lekkoatletycznych rezultat\u00f3w to wynik wyjazdu 39 reprezentant\u00f3w z ca\u0142ego Powiatu Tucholskiego, kt\u00f3rzy najpierw rywalizowali\u00a0 w <em>Tucholskich Czwartkach LA <\/em>uzyskuj\u0105c kwalifikacj\u0119 na og\u00f3lnopolskie zawody.\u00a0 Wyjazd do \u0141odzi, mo\u017cliwy by\u0142, dzi\u0119ki dofinansowaniu transportu przez Gmin\u0119 Tuchola ( 2.000,00 z\u0142) i Starostwo Powiatowe (1.000,00 z\u0142). Wszystkim uczestnikom i opiekunom gratulujemy i ju\u017c zapraszamy na kolejn\u0105 XX edycj\u0119, kt\u00f3rej pocz\u0105tek ju\u017c we wrze\u015bniu.<\/p>\n<p>Oto najlepsze wyniki fina\u0142\u00f3w:<\/p>\n<p>I miejsce &#8211; z\u0142oty medal &#8211; Patrycja Grzonkowska\u00a0 rocznik 2002 SP Raci\u0105\u017c p.pal. 43 m &#8211; Ryszard Klunder<\/p>\n<p>II miejsce &#8211; srebrny medal &#8211; Kacper Bartczak\u00a0\u00a0\u00a0\u00a0\u00a0 rocznik 2001 SP Legb\u0105d 1000 m 3:05,3 &#8211; Karolina Dabrowska<\/p>\n<p>III miejsce &#8211; br\u0105zowy medal &#8211; Wiktoria Szyma\u0144ska rocznik 2001 SP 1 Tuchola p.pal. 47,5 m &#8211; Andrzej Tyda<\/p>\n<p>Tu\u017c za podium:<\/p>\n<p>IV miejsce- \u0141ukasz W\u0142och &#8211; rocznik 2002 SP \u015aliwice p.pal.\u00a0 49 m &#8211; Krzysztof Koz\u0142owski<\/p>\n<p>IV miejsce &#8211; Dominik Manteufel &#8211; rocznik 2002 SP Raci\u0105\u017c p.pal. 49 m &#8211; Ryszard Klunder<\/p>\n<p>IV miejsce &#8211; Miko\u0142aj Behrendt &#8211; rocznik 2002 SP 1 Tuchola skok w dal &#8211; 4,45 m &#8211; Andrzej Tyda<\/p>\n<p>V miejsce &#8211; Miko\u0142aj Dubiela &#8211; rocznik 2001 SP \u015aliwice p.pal. 58,5 m &#8211; Kszysztof Koz\u0142owski<\/p>\n<p>V miejsce &#8211; Tomasz Nowak &#8211; rocznik 2000 SP \u017balno p.pal. 66 m &#8211; Dariusz Szulc<\/p>\n<p>VI miejsce Dominika Przybylska SP Stobno 2001 300 m &#8211; 46,92 &#8211; Dariusz Marcinek<\/p>\n<p>12 miejsce Bartosz Szweda SP 3 Tuchola 2001 skok w dal &#8211; 4,47 m<\/p>\n<p>15 miejsce Marcin Berent SP Stobno 2000 skok wzwy\u017c 125 cm<\/p>\n<p>16 miejsce Maciej Piastucki SP 3 Tuchola 60 m &#8211; 8,52<\/p>\n<p>19 miejsce Maciej Kosiedowski SP Legb\u0105d skok w dal &#8211; 4,40<\/p>\n<p>&nbsp;<\/p>\n<p>&nbsp;<\/p>\n","protected":false},"excerpt":{"rendered":"<p>Znakomity wyst\u0119p zanotowali m\u0142odzi tucholscy sportowcy, kt\u00f3rzy w ostatni weekend w \u0141odzi wzi\u0119li udzia\u0142 w og\u00f3lnopolskich fina\u0142ach Czwartk\u00f3w LA.\u00a0 Trzy medalowe miejsca &#8211; z\u0142ota Patrycja Grzonkowska, srebrny Kacper Bartczak i br\u0105zowa Wiktoria Szyma\u0144ska (na zdj\u0119ciu obok) i kilka bardzo warto\u015bciowych lekkoatletycznych rezultat\u00f3w to wynik wyjazdu 39 reprezentant\u00f3w z ca\u0142ego Powiatu Tucholskiego, kt\u00f3rzy najpierw rywalizowali\u00a0 w&#8230;<\/p>\n","protected":false},"author":2,"featured_media":0,"comment_status":"closed","ping_status":"open","sticky":false,"template":"","format":"standard","meta":{"_kadence_starter_templates_imported_post":false,"_kad_post_transparent":"","_kad_post_title":"","_kad_post_layout":"","_kad_post_sidebar_id":"","_kad_post_content_style":"","_kad_post_vertical_padding":"","_kad_post_feature":"","_kad_post_feature_position":"","_kad_post_header":false,"_kad_post_footer":false,"footnotes":""},"categories":[2],"tags":[],"class_list":["post-1610","post","type-post","status-publish","format-standard","hentry","category-aktualnosci"],"_links":{"self":[{"href":"https:\/\/www.osirtuchola.pl\/index.php?rest_route=\/wp\/v2\/posts\/1610","targetHints":{"allow":["GET"]}}],"collection":[{"href":"https:\/\/www.osirtuchola.pl\/index.php?rest_route=\/wp\/v2\/posts"}],"about":[{"href":"https:\/\/www.osirtuchola.pl\/index.php?rest_route=\/wp\/v2\/types\/post"}],"author":[{"embeddable":true,"href":"https:\/\/www.osirtuchola.pl\/index.php?rest_route=\/wp\/v2\/users\/2"}],"replies":[{"embeddable":true,"href":"https:\/\/www.osirtuchola.pl\/index.php?rest_route=%2Fwp%2Fv2%2Fcomments&post=1610"}],"version-history":[{"count":0,"href":"https:\/\/www.osirtuchola.pl\/index.php?rest_route=\/wp\/v2\/posts\/1610\/revisions"}],"wp:attachment":[{"href":"https:\/\/www.osirtuchola.pl\/index.php?rest_route=%2Fwp%2Fv2%2Fmedia&parent=1610"}],"wp:term":[{"taxonomy":"category","embeddable":true,"href":"https:\/\/www.osirtuchola.pl\/index.php?rest_route=%2Fwp%2Fv2%2Fcategories&post=1610"},{"taxonomy":"post_tag","embeddable":true,"href":"https:\/\/www.osirtuchola.pl\/index.php?rest_route=%2Fwp%2Fv2%2Ftags&post=1610"}],"curies":[{"name":"wp","href":"https:\/\/api.w.org\/{rel}","templated":true}]}}