{"id":1627,"date":"2013-10-15T08:17:22","date_gmt":"2013-10-15T08:17:22","guid":{"rendered":"http:\/\/www.osirtuchola.pl\/?p=1627"},"modified":"2013-10-15T08:17:22","modified_gmt":"2013-10-15T08:17:22","slug":"ruszaja-zapisy-do-iv-biegu-sw-huberta-do-biegu-107-dni","status":"publish","type":"post","link":"https:\/\/www.osirtuchola.pl\/?p=1627","title":{"rendered":"TRWAJ\u0104 ZAPISY DO IV BIEGU \u015aW. HUBERTA"},"content":{"rendered":"<p><a href=\"http:\/\/www.osirtuchola.pl\/?attachment_id=1630\" rel=\"attachment wp-att-1630\"><img loading=\"lazy\" decoding=\"async\" class=\"alignleft size-full wp-image-1630\" title=\"BIEG \u015aW. HUBERTA STRON\u0118\" src=\"http:\/\/www.osirtuchola.pl\/wp-content\/uploads\/2013\/07\/BIEG-\u015aW.-HUBERTA-STRON\u0118.jpg\" alt=\"\" width=\"228\" height=\"150\" \/><\/a>Ruszy\u0142y zapisy do IV Biegu \u015bw. Huberta i IV Rajdu Nordic Walking. W tym roku z okazji 90 lecia Polskiego Zwi\u0105zku \u0141owieckiego odb\u0119d\u0105 si\u0119 r\u00f3wnie\u017c w ramach Biegu \u015bw. Huberta I Mistrzostwa My\u015bliwych na dystansie 15 km. Czeka nas zatem spora dawka emocji tym bardziej, \u017ce z roku na rok zwi\u0119ksza si\u0119 ilo\u015b\u0107 uczestnicz\u0105cych w zawodach biegaczy. Do Tucholi co roku przyje\u017cd\u017caj\u0105 zawodnicy z ca\u0142ego kraju a dw\u00f3ch ostatnich edycjach odnotowali\u015bmy r\u00f3wnie\u017c udzia\u0142 zawodnik\u00f3w zagranicznych.\u00a0Wi\u0119kszo\u015b\u0107 miast w Polsce, promuje si\u0119 organizuj\u0105c w\u0142a\u015bnie takie sportowe, biegowe \u015bwi\u0119to. Na tej mapie od kilku lat jest r\u00f3wnie\u017c Tuchola, kt\u00f3ra proponuje biegaczom wspania\u0142e\u00a0 trasy biegowe. Tegoroczny bieg odbywa si\u0119 pod patronatem Senatora RP Andrzeja Kobiaka oraz Marsza\u0142ka Wojew\u00f3dztwa Kujawsko &#8211; Pomorskiego, Piotra Ca\u0142beckiego. Dla wszystkich uczestnik\u00f3w zawod\u00f3w, organizatorzy przygotowuj\u0105 wiele atrakcji: wspania\u0142e pami\u0105tkowe medale, ciep\u0142y posi\u0142ek i losowanie cennych nagr\u00f3d. W tym roku zawodnicy pobiegn\u0105 t\u0105 sam\u0105 znan\u0105 z poprzednich edycji biegu tras\u0105, podobnie zreszt\u0105 kijkarze.<\/p>\n<p><strong>A zatem do zobaczenia 26 pa\u017adziernika w Tucholi gdzie LAS WAS POWITA A LUDZIE UGOSZCZ\u0104.<\/strong><\/p>\n<p><a href=\"https:\/\/dl.dropboxusercontent.com\/u\/73638416\/BIEG%20%C5%9AW.%20HUBERTA\/IV%20BIEG\/Regulamin%20IV%20Biegu%20sw%20%20Huberta%20w%20Tucholi.pdf\"> REGULAMIN IV BIEGU \u015aW. HUBERTA<\/a><\/p>\n<p><a href=\"http:\/\/www.elektronicznezapisy.pl\/events\/962\/starts\/new\">BIEG &#8211;\u00a0 http:\/\/www.elektronicznezapisy.pl\/events\/962\/starts\/new<\/a><\/p>\n<p><a href=\"http:\/\/www.elektronicznezapisy.pl\/events\/961\/starts\/new\">NORDIC &#8211; http:\/\/www.elektronicznezapisy.pl\/events\/961\/starts\/new<\/a><\/p>\n","protected":false},"excerpt":{"rendered":"<p>Ruszy\u0142y zapisy do IV Biegu \u015bw. Huberta i IV Rajdu Nordic Walking. W tym roku z okazji 90 lecia Polskiego Zwi\u0105zku \u0141owieckiego odb\u0119d\u0105 si\u0119 r\u00f3wnie\u017c w ramach Biegu \u015bw. Huberta I Mistrzostwa My\u015bliwych na dystansie 15 km. Czeka nas zatem spora dawka emocji tym bardziej, \u017ce z roku na rok zwi\u0119ksza si\u0119 ilo\u015b\u0107 uczestnicz\u0105cych w&#8230;<\/p>\n","protected":false},"author":2,"featured_media":0,"comment_status":"closed","ping_status":"open","sticky":false,"template":"","format":"standard","meta":{"_kadence_starter_templates_imported_post":false,"_kad_post_transparent":"","_kad_post_title":"","_kad_post_layout":"","_kad_post_sidebar_id":"","_kad_post_content_style":"","_kad_post_vertical_padding":"","_kad_post_feature":"","_kad_post_feature_position":"","_kad_post_header":false,"_kad_post_footer":false,"footnotes":""},"categories":[2],"tags":[],"class_list":["post-1627","post","type-post","status-publish","format-standard","hentry","category-aktualnosci"],"_links":{"self":[{"href":"https:\/\/www.osirtuchola.pl\/index.php?rest_route=\/wp\/v2\/posts\/1627","targetHints":{"allow":["GET"]}}],"collection":[{"href":"https:\/\/www.osirtuchola.pl\/index.php?rest_route=\/wp\/v2\/posts"}],"about":[{"href":"https:\/\/www.osirtuchola.pl\/index.php?rest_route=\/wp\/v2\/types\/post"}],"author":[{"embeddable":true,"href":"https:\/\/www.osirtuchola.pl\/index.php?rest_route=\/wp\/v2\/users\/2"}],"replies":[{"embeddable":true,"href":"https:\/\/www.osirtuchola.pl\/index.php?rest_route=%2Fwp%2Fv2%2Fcomments&post=1627"}],"version-history":[{"count":0,"href":"https:\/\/www.osirtuchola.pl\/index.php?rest_route=\/wp\/v2\/posts\/1627\/revisions"}],"wp:attachment":[{"href":"https:\/\/www.osirtuchola.pl\/index.php?rest_route=%2Fwp%2Fv2%2Fmedia&parent=1627"}],"wp:term":[{"taxonomy":"category","embeddable":true,"href":"https:\/\/www.osirtuchola.pl\/index.php?rest_route=%2Fwp%2Fv2%2Fcategories&post=1627"},{"taxonomy":"post_tag","embeddable":true,"href":"https:\/\/www.osirtuchola.pl\/index.php?rest_route=%2Fwp%2Fv2%2Ftags&post=1627"}],"curies":[{"name":"wp","href":"https:\/\/api.w.org\/{rel}","templated":true}]}}