{"id":2378,"date":"2014-11-12T09:23:49","date_gmt":"2014-11-12T09:23:49","guid":{"rendered":"http:\/\/www.osirtuchola.pl\/?p=2378"},"modified":"2014-11-12T09:23:49","modified_gmt":"2014-11-12T09:23:49","slug":"kujawsko-pomorskie-grand-prix-w-biegach-dla-tucholi","status":"publish","type":"post","link":"https:\/\/www.osirtuchola.pl\/?p=2378","title":{"rendered":"KUJAWSKO-POMORSKIE GRAND PRIX W BIEGACH DLA TUCHOLI"},"content":{"rendered":"<p><a href=\"http:\/\/www.osirtuchola.pl\/?attachment_id=2379\" rel=\"attachment wp-att-2379\"><img loading=\"lazy\" decoding=\"async\" class=\"alignleft size-medium wp-image-2379\" title=\"DSC_0162\" src=\"http:\/\/www.osirtuchola.pl\/wp-content\/uploads\/2014\/11\/DSC_0162-199x300.jpg\" alt=\"\" width=\"199\" height=\"300\" \/><\/a>Nie ma mocnych na <strong>MLKS Tucholank\u0119<\/strong> i jej lekkoatletycznych HEROS\u00d3W. Trzeci raz z rz\u0119du w odnowionej edycji Grand Prix woj. Kujawsko \u2013 Pomorskiego, najszybszym i najskuteczniejszym biegaczem okaza\u0142 si\u0119 <strong>Marek Wojtas<\/strong>. Przez ca\u0142y sezon, prezentuj\u0105cy znakomit\u0105 biegow\u0105 dyspozycj\u0119 zawodnik i trener, pozostawi\u0142 za sob\u0105 ca\u0142\u0105 plejad\u0119 utytu\u0142owanych zawodnik\u00f3w, kt\u00f3rzy nie znale\u017ali sposobu by zdetronizowa\u0107 Mistrza z Tucholi. Marek zapowiada zreszt\u0105, \u017ce i w nast\u0119pnym sezonie \u0142atwo nie odda \u017c\u00f3\u0142tej koszulki lidera. Razem ze swoim trenerem drugi rok z rz\u0119du tryumfowa\u0142a r\u00f3wnie\u017c w klasyfikacji dru\u017cynowej cyklu, ekipa MLKS Tucholanki. W tym roku po zmianach regulaminowych w zespo\u0142ach musia\u0142y znale\u017a\u0107 si\u0119 kobiety. Sk\u0142ad Tucholanki zatem w tegorocznym, zwyci\u0119skim dla dru\u017cyny cyklu, uleg\u0142 modyfikacji i przedstawia\u0142 si\u0119 nast\u0119puj\u0105co: \u00a0<strong>Magdalena Wojtas, Piotr Nielek, Oskar Mika, Krzysztof Nitschke <\/strong>i oczywi\u015bcie<strong> Marek Wojtas.<\/strong><\/p>\n<p>Znakomite rezultaty osi\u0105gali w bie\u017c\u0105cym sezonie r\u00f3wnie\u017c pozostali zawodnicy Tucholanki. Na trzecim stopniu podium w generalnej klasyfikacji, stan\u0105\u0142 biegaj\u0105cy w barwach MLKS, <strong>Oskar Mika\u00a0<\/strong>a jedyna kobieta w sk\u0142adzie,<strong> Magdalena Wojtas,<\/strong> zaj\u0119\u0142a szesnaste miejsce w\u015br\u00f3d kobiet. Na 46 pozycji Grand Prix uko\u0144czy\u0142<strong> Krzysztof Nitschke.<\/strong> Wysoko plasowali si\u0119 r\u00f3wnie\u017c reprezentanci Tucholanki w swoich kategoriach wiekowych. Magda w kategorii 16-29 lat, wskoczy\u0142a na drugie miejsce, a na najwy\u017cszym stopniu podium, stan\u0105\u0142 znakomicie biegaj\u0105cy w ko\u0144c\u00f3wce sezonu <strong>Piotr Nielek. <\/strong><strong>\u00a0<\/strong> <strong><\/strong><\/p>\n<p>Gratulacjom\u00a0 w Gniewkowie nie by\u0142o ko\u0144ca. Podczas ostatnich, fina\u0142owych zawod\u00f3w s\u0142ycha\u0107 by\u0142o s\u0142owa podziwu i wielkiego szacunku dla dokona\u0144 tucholskich biegaczy. Brawo, brawo, brawo. Wierzymy, \u017ce i w kolejnym sezonie g\u0142o\u015bno b\u0119dzie\u00a0 o Tucholskich lekkoatletach i nie raz s\u0142ucha\u0107 b\u0119dziemy wielkiego przeboju Queen:<em> <strong>We are the champions<\/strong><\/em><strong>.<\/strong><\/p>\n<p>Przypomnijmy te\u017c, \u017ce <strong>V Bieg \u015bw. Huberta<\/strong>, r\u00f3wnie\u017c w tym roku zaliczany by\u0142 do klasyfikacji Grand Prix, a odpowiedzialny z ramienia Urz\u0119du Marsza\u0142kowskiego, za ca\u0142y cykl, biegaj\u0105cy wicemarsza\u0142ek Sejmiku, <strong>Adam Banaszak<\/strong>, wielokrotnie podkre\u015bla\u0142 na zako\u0144czeniu Gran Prix, \u017ce Tucholski Hubertus, to jedna z najlepiej zorganizowanych imprez biegowych w sezonie.<\/p>\n<p><a href=\"https:\/\/dl.dropboxusercontent.com\/u\/73638416\/INNE\/XX%20Bieg%20Rodziny%20Milewskich.docx\">WYNIKI &#8211; GNIEWKOWO ORAZ\u00a0 KLASYFIKACJA GRAND PRIX<\/a><\/p>\n<p>Harmonogram bieg\u00f3w\u00a0 Grand Prix Wojew\u00f3dztwa Kujawsko-Pomorskiego 2014:<\/p>\n<p><a href=\"http:\/\/www.grand-prix-biegi.pl\/o,39,xxi-bieg-zninski.html\">13.04 Bieg \u017bni\u0144ski <\/a>10 km.<br \/>\n<a href=\"http:\/\/www.grand-prix-biegi.pl\/o,40,III%20Bydgoszcz%20na%20Start.html\">27.04 Bydgoszcz na Start <\/a><br \/>\n<a href=\"http:\/\/www.grand-prix-biegi.pl\/o,41,run-torun.html\">04.05 Run Toru\u0144 <\/a>10 km.<br \/>\n<a href=\"http:\/\/www.grand-prix-biegi.pl\/o,42,bieg-piastowski.html\">10.05 Bieg Piastowski<\/a> 21,097 km<br \/>\n<a href=\"http:\/\/www.grand-prix-biegi.pl\/o,43,polmaraton-i-dziesiatka-unislawska.html\">28.06 P\u00f3\u0142maraton i dziesi\u0105tka unis\u0142awska <\/a><br \/>\n0<a href=\"http:\/\/www.grand-prix-biegi.pl\/o,44,bieg-szlakiem-trzech-wiez.html\">5.07 Bieg Szlakiem Trzech Wie\u017c<\/a> 15 km.<br \/>\n<a href=\"http:\/\/www.grand-prix-biegi.pl\/o,45,dycha-anny-wazowny.html\">20.07 Dycha Anny Waz\u00f3wny<\/a><br \/>\n<a href=\"http:\/\/www.grand-prix-biegi.pl\/o,46,polmaraton-termy-ciechocinek.html\">24.08 P\u00f3\u0142maraton Termy Uzdrowisko Ciechocinek <\/a><br \/>\n<a href=\"http:\/\/www.grand-prix-biegi.pl\/o,47,rypinski-bieg-po-zdrowie.html\">13.09 Rypi\u0144ski Bieg po Zdrowie <\/a>\u00a010 km.<br \/>\n<a href=\"http:\/\/www.grand-prix-biegi.pl\/o,48,bieg-jana-pawla-ii.html\">16.10 Bieg Jana Paw\u0142a II <\/a>\u00a010 km.<br \/>\n<strong><a href=\"http:\/\/www.grand-prix-biegi.pl\/o,49,bieg-sw-huberta-tuchola.html\">25.10 Bieg \u015aw. Huberta Tuchola <\/a>15 km.<\/strong><br \/>\n<strong><a href=\"http:\/\/www.grand-prix-biegi.pl\/o,50,bieg-im-rodziny-milewskich.html\">09.11 Bieg im. Rodziny Milewskich<\/a> 10 km. Fina\u0142 Grand Prix<\/strong>.<\/p>\n<p><object width=\"600\" height=\"400\" classid=\"clsid:d27cdb6e-ae6d-11cf-96b8-444553540000\" codebase=\"http:\/\/download.macromedia.com\/pub\/shockwave\/cabs\/flash\/swflash.cab#version=6,0,40,0\"><param name=\"src\" value=\"https:\/\/photos.gstatic.com\/media\/slideshow.swf\" \/><param name=\"flashvars\" value=\"host=picasaweb.google.com&amp;hl=pl&amp;feat=flashalbum&amp;RGB=0x000000&amp;feed=https%3A%2F%2Fpicasaweb.google.com%2Fdata%2Ffeed%2Fapi%2Fuser%2F100527176904712557505%2Falbumid%2F6080744333282135457%3Falt%3Drss%26kind%3Dphoto%26hl%3Dpl\" \/><param name=\"pluginspage\" value=\"http:\/\/www.macromedia.com\/go\/getflashplayer\" \/><embed width=\"600\" height=\"400\" type=\"application\/x-shockwave-flash\" src=\"https:\/\/photos.gstatic.com\/media\/slideshow.swf\" flashvars=\"host=picasaweb.google.com&amp;hl=pl&amp;feat=flashalbum&amp;RGB=0x000000&amp;feed=https%3A%2F%2Fpicasaweb.google.com%2Fdata%2Ffeed%2Fapi%2Fuser%2F100527176904712557505%2Falbumid%2F6080744333282135457%3Falt%3Drss%26kind%3Dphoto%26hl%3Dpl\" pluginspage=\"http:\/\/www.macromedia.com\/go\/getflashplayer\" \/><\/object><\/p>\n","protected":false},"excerpt":{"rendered":"<p>Nie ma mocnych na MLKS Tucholank\u0119 i jej lekkoatletycznych HEROS\u00d3W. Trzeci raz z rz\u0119du w odnowionej edycji Grand Prix woj. Kujawsko \u2013 Pomorskiego, najszybszym i najskuteczniejszym biegaczem okaza\u0142 si\u0119 Marek Wojtas. Przez ca\u0142y sezon, prezentuj\u0105cy znakomit\u0105 biegow\u0105 dyspozycj\u0119 zawodnik i trener, pozostawi\u0142 za sob\u0105 ca\u0142\u0105 plejad\u0119 utytu\u0142owanych zawodnik\u00f3w, kt\u00f3rzy nie znale\u017ali sposobu by zdetronizowa\u0107 Mistrza&#8230;<\/p>\n","protected":false},"author":2,"featured_media":0,"comment_status":"closed","ping_status":"open","sticky":false,"template":"","format":"standard","meta":{"_kadence_starter_templates_imported_post":false,"_kad_post_transparent":"","_kad_post_title":"","_kad_post_layout":"","_kad_post_sidebar_id":"","_kad_post_content_style":"","_kad_post_vertical_padding":"","_kad_post_feature":"","_kad_post_feature_position":"","_kad_post_header":false,"_kad_post_footer":false,"footnotes":""},"categories":[2,10],"tags":[],"class_list":["post-2378","post","type-post","status-publish","format-standard","hentry","category-aktualnosci","category-lekka"],"_links":{"self":[{"href":"https:\/\/www.osirtuchola.pl\/index.php?rest_route=\/wp\/v2\/posts\/2378","targetHints":{"allow":["GET"]}}],"collection":[{"href":"https:\/\/www.osirtuchola.pl\/index.php?rest_route=\/wp\/v2\/posts"}],"about":[{"href":"https:\/\/www.osirtuchola.pl\/index.php?rest_route=\/wp\/v2\/types\/post"}],"author":[{"embeddable":true,"href":"https:\/\/www.osirtuchola.pl\/index.php?rest_route=\/wp\/v2\/users\/2"}],"replies":[{"embeddable":true,"href":"https:\/\/www.osirtuchola.pl\/index.php?rest_route=%2Fwp%2Fv2%2Fcomments&post=2378"}],"version-history":[{"count":0,"href":"https:\/\/www.osirtuchola.pl\/index.php?rest_route=\/wp\/v2\/posts\/2378\/revisions"}],"wp:attachment":[{"href":"https:\/\/www.osirtuchola.pl\/index.php?rest_route=%2Fwp%2Fv2%2Fmedia&parent=2378"}],"wp:term":[{"taxonomy":"category","embeddable":true,"href":"https:\/\/www.osirtuchola.pl\/index.php?rest_route=%2Fwp%2Fv2%2Fcategories&post=2378"},{"taxonomy":"post_tag","embeddable":true,"href":"https:\/\/www.osirtuchola.pl\/index.php?rest_route=%2Fwp%2Fv2%2Ftags&post=2378"}],"curies":[{"name":"wp","href":"https:\/\/api.w.org\/{rel}","templated":true}]}}