{"id":2394,"date":"2014-11-23T11:09:00","date_gmt":"2014-11-23T11:09:00","guid":{"rendered":"http:\/\/www.osirtuchola.pl\/?p=2394"},"modified":"2014-11-23T11:09:00","modified_gmt":"2014-11-23T11:09:00","slug":"ii-olimpiada-pszedszkolna-w-obiektywie","status":"publish","type":"post","link":"https:\/\/www.osirtuchola.pl\/?p=2394","title":{"rendered":"II OLIMPIADA PSZEDSZKOLAKA W OBIEKTYWIE"},"content":{"rendered":"<p><a href=\"http:\/\/www.osirtuchola.pl\/?attachment_id=2398\" rel=\"attachment wp-att-2398\"><img loading=\"lazy\" decoding=\"async\" class=\"alignleft  wp-image-2398\" title=\"DSC04275\" src=\"http:\/\/www.osirtuchola.pl\/wp-content\/uploads\/2014\/11\/DSC04275-300x199.jpg\" alt=\"\" width=\"223\" height=\"117\" \/><\/a>W sobotnie przedpo\u0142udnie w hali widowiskowo-sportowej OSiR w Tucholi, reprezentacje o\u015bmiu plac\u00f3wek przedszkolnych Gminy Tuchola, rywalizowa\u0142y w II Olimpiadzie Przedszkolaka. Przedstawiamy poni\u017cej relacj\u0119 fotograficzn\u0105 z tej niezwyk\u0142ej imprezy, kt\u00f3ra dostarczy\u0142a zgromadzonej na trybunach publiczno\u015bci ogromnej ilo\u015bci wra\u017ce\u0144, emocji i rado\u015bci zarazem. Gratulujemy wszystkim uczestnikom ich opiekunom i organizatorom.<\/p>\n<p>&nbsp;<\/p>\n<p>Fotki OSiR w Tucholi<br \/>\n<object width=\"600\" height=\"400\" classid=\"clsid:d27cdb6e-ae6d-11cf-96b8-444553540000\" codebase=\"http:\/\/download.macromedia.com\/pub\/shockwave\/cabs\/flash\/swflash.cab#version=6,0,40,0\"><param name=\"src\" value=\"https:\/\/photos.gstatic.com\/media\/slideshow.swf\" \/><param name=\"flashvars\" value=\"host=picasaweb.google.com&amp;hl=pl&amp;feat=flashalbum&amp;RGB=0x000000&amp;feed=https%3A%2F%2Fpicasaweb.google.com%2Fdata%2Ffeed%2Fapi%2Fuser%2F100527176904712557505%2Falbumid%2F6084821682902165025%3Falt%3Drss%26kind%3Dphoto%26hl%3Dpl\" \/><param name=\"pluginspage\" value=\"http:\/\/www.macromedia.com\/go\/getflashplayer\" \/><embed width=\"600\" height=\"400\" type=\"application\/x-shockwave-flash\" src=\"https:\/\/photos.gstatic.com\/media\/slideshow.swf\" flashvars=\"host=picasaweb.google.com&amp;hl=pl&amp;feat=flashalbum&amp;RGB=0x000000&amp;feed=https%3A%2F%2Fpicasaweb.google.com%2Fdata%2Ffeed%2Fapi%2Fuser%2F100527176904712557505%2Falbumid%2F6084821682902165025%3Falt%3Drss%26kind%3Dphoto%26hl%3Dpl\" pluginspage=\"http:\/\/www.macromedia.com\/go\/getflashplayer\" \/><\/object><\/p>\n","protected":false},"excerpt":{"rendered":"<p>W sobotnie przedpo\u0142udnie w hali widowiskowo-sportowej OSiR w Tucholi, reprezentacje o\u015bmiu plac\u00f3wek przedszkolnych Gminy Tuchola, rywalizowa\u0142y w II Olimpiadzie Przedszkolaka. Przedstawiamy poni\u017cej relacj\u0119 fotograficzn\u0105 z tej niezwyk\u0142ej imprezy, kt\u00f3ra dostarczy\u0142a zgromadzonej na trybunach publiczno\u015bci ogromnej ilo\u015bci wra\u017ce\u0144, emocji i rado\u015bci zarazem. Gratulujemy wszystkim uczestnikom ich opiekunom i organizatorom. &nbsp; Fotki OSiR w Tucholi<\/p>\n","protected":false},"author":2,"featured_media":0,"comment_status":"closed","ping_status":"open","sticky":false,"template":"","format":"standard","meta":{"_kadence_starter_templates_imported_post":false,"_kad_post_transparent":"","_kad_post_title":"","_kad_post_layout":"","_kad_post_sidebar_id":"","_kad_post_content_style":"","_kad_post_vertical_padding":"","_kad_post_feature":"","_kad_post_feature_position":"","_kad_post_header":false,"_kad_post_footer":false,"footnotes":""},"categories":[2],"tags":[],"class_list":["post-2394","post","type-post","status-publish","format-standard","hentry","category-aktualnosci"],"_links":{"self":[{"href":"https:\/\/www.osirtuchola.pl\/index.php?rest_route=\/wp\/v2\/posts\/2394","targetHints":{"allow":["GET"]}}],"collection":[{"href":"https:\/\/www.osirtuchola.pl\/index.php?rest_route=\/wp\/v2\/posts"}],"about":[{"href":"https:\/\/www.osirtuchola.pl\/index.php?rest_route=\/wp\/v2\/types\/post"}],"author":[{"embeddable":true,"href":"https:\/\/www.osirtuchola.pl\/index.php?rest_route=\/wp\/v2\/users\/2"}],"replies":[{"embeddable":true,"href":"https:\/\/www.osirtuchola.pl\/index.php?rest_route=%2Fwp%2Fv2%2Fcomments&post=2394"}],"version-history":[{"count":0,"href":"https:\/\/www.osirtuchola.pl\/index.php?rest_route=\/wp\/v2\/posts\/2394\/revisions"}],"wp:attachment":[{"href":"https:\/\/www.osirtuchola.pl\/index.php?rest_route=%2Fwp%2Fv2%2Fmedia&parent=2394"}],"wp:term":[{"taxonomy":"category","embeddable":true,"href":"https:\/\/www.osirtuchola.pl\/index.php?rest_route=%2Fwp%2Fv2%2Fcategories&post=2394"},{"taxonomy":"post_tag","embeddable":true,"href":"https:\/\/www.osirtuchola.pl\/index.php?rest_route=%2Fwp%2Fv2%2Ftags&post=2394"}],"curies":[{"name":"wp","href":"https:\/\/api.w.org\/{rel}","templated":true}]}}