{"id":2539,"date":"2015-03-09T13:29:49","date_gmt":"2015-03-09T13:29:49","guid":{"rendered":"http:\/\/www.osirtuchola.pl\/?p=2539"},"modified":"2015-03-09T13:29:49","modified_gmt":"2015-03-09T13:29:49","slug":"tenisowy-rekord","status":"publish","type":"post","link":"https:\/\/www.osirtuchola.pl\/?p=2539","title":{"rendered":"TENISOWY REKORD"},"content":{"rendered":"<p><a href=\"http:\/\/www.osirtuchola.pl\/?attachment_id=2540\" rel=\"attachment wp-att-2540\"><img loading=\"lazy\" decoding=\"async\" class=\"alignleft size-medium wp-image-2540\" title=\"DSC04944\" src=\"http:\/\/www.osirtuchola.pl\/wp-content\/uploads\/2015\/03\/DSC04944-300x199.jpg\" alt=\"\" width=\"300\" height=\"199\" \/><\/a>W minion\u0105 sobot\u0119 w hali widowiskowo \u2013 sportowej OSiR w Tucholi,\u00a0 154 zawodnik\u00f3w na 18 sto\u0142ach rozpocz\u0119\u0142o rywalizacj\u0119 w XIV Grand Prix Tucholi w Tenisa Sto\u0142owego. Cieszy ogromne zainteresowanie i tak liczny udzia\u0142 przedstawicieli tej niezwykle ciekawej i emocjonuj\u0105cej dyscypliny. Do Tucholi przyjechali zawodnicy z S\u0119p\u00f3lna, Chojnic, z Raci\u0105\u017ca, Stobna, Cekcyna, Gostycyna, \u015aliwic, Pruszcza i oczywi\u015bcie z Tucholi. Przypomnijmy, \u017ce aby by\u0107 sklasyfikowanym w ca\u0142ym cyklu Grand Prix, trzeba wzi\u0105\u0107 udzia\u0142 w co najmniej trzech turniejach. Poszczeg\u00f3lne zawody rozgrywane b\u0119d\u0105 w kolejne soboty marca. Pocz\u0105tek tenisowej rywalizacji zawsze o godz. 10:00. Natomiast zapisy do poszczeg\u00f3lnych kategorii odbywa\u0107 si\u0119 b\u0119d\u0105 od godz. 9:45. Wszystkie informacje wraz z wynikami na naszej stronie.<\/p>\n<p><a href=\"https:\/\/dl.dropboxusercontent.com\/u\/73638416\/GRAND%20PRIX%20TENISA%20STO%C5%81OWEGO\/2015\/KLASYFIKACJA%20XIV%20GRAND%20PRIX%202015.xls\">KLASYFIKACJA <\/a><\/p>\n<p><object width=\"600\" height=\"400\" classid=\"clsid:d27cdb6e-ae6d-11cf-96b8-444553540000\" codebase=\"http:\/\/download.macromedia.com\/pub\/shockwave\/cabs\/flash\/swflash.cab#version=6,0,40,0\"><param name=\"src\" value=\"https:\/\/photos.gstatic.com\/media\/slideshow.swf\" \/><param name=\"flashvars\" value=\"host=picasaweb.google.com&amp;hl=pl&amp;feat=flashalbum&amp;RGB=0x000000&amp;feed=https%3A%2F%2Fpicasaweb.google.com%2Fdata%2Ffeed%2Fapi%2Fuser%2F100527176904712557505%2Falbumid%2F6124221072703593985%3Falt%3Drss%26kind%3Dphoto%26hl%3Dpl\" \/><param name=\"pluginspage\" value=\"http:\/\/www.macromedia.com\/go\/getflashplayer\" \/><embed width=\"600\" height=\"400\" type=\"application\/x-shockwave-flash\" src=\"https:\/\/photos.gstatic.com\/media\/slideshow.swf\" flashvars=\"host=picasaweb.google.com&amp;hl=pl&amp;feat=flashalbum&amp;RGB=0x000000&amp;feed=https%3A%2F%2Fpicasaweb.google.com%2Fdata%2Ffeed%2Fapi%2Fuser%2F100527176904712557505%2Falbumid%2F6124221072703593985%3Falt%3Drss%26kind%3Dphoto%26hl%3Dpl\" pluginspage=\"http:\/\/www.macromedia.com\/go\/getflashplayer\" \/><\/object><\/p>\n","protected":false},"excerpt":{"rendered":"<p>W minion\u0105 sobot\u0119 w hali widowiskowo \u2013 sportowej OSiR w Tucholi,\u00a0 154 zawodnik\u00f3w na 18 sto\u0142ach rozpocz\u0119\u0142o rywalizacj\u0119 w XIV Grand Prix Tucholi w Tenisa Sto\u0142owego. Cieszy ogromne zainteresowanie i tak liczny udzia\u0142 przedstawicieli tej niezwykle ciekawej i emocjonuj\u0105cej dyscypliny. Do Tucholi przyjechali zawodnicy z S\u0119p\u00f3lna, Chojnic, z Raci\u0105\u017ca, Stobna, Cekcyna, Gostycyna, \u015aliwic, Pruszcza i&#8230;<\/p>\n","protected":false},"author":2,"featured_media":0,"comment_status":"closed","ping_status":"open","sticky":false,"template":"","format":"standard","meta":{"_kadence_starter_templates_imported_post":false,"_kad_post_transparent":"","_kad_post_title":"","_kad_post_layout":"","_kad_post_sidebar_id":"","_kad_post_content_style":"","_kad_post_vertical_padding":"","_kad_post_feature":"","_kad_post_feature_position":"","_kad_post_header":false,"_kad_post_footer":false,"footnotes":""},"categories":[2],"tags":[],"class_list":["post-2539","post","type-post","status-publish","format-standard","hentry","category-aktualnosci"],"_links":{"self":[{"href":"https:\/\/www.osirtuchola.pl\/index.php?rest_route=\/wp\/v2\/posts\/2539","targetHints":{"allow":["GET"]}}],"collection":[{"href":"https:\/\/www.osirtuchola.pl\/index.php?rest_route=\/wp\/v2\/posts"}],"about":[{"href":"https:\/\/www.osirtuchola.pl\/index.php?rest_route=\/wp\/v2\/types\/post"}],"author":[{"embeddable":true,"href":"https:\/\/www.osirtuchola.pl\/index.php?rest_route=\/wp\/v2\/users\/2"}],"replies":[{"embeddable":true,"href":"https:\/\/www.osirtuchola.pl\/index.php?rest_route=%2Fwp%2Fv2%2Fcomments&post=2539"}],"version-history":[{"count":0,"href":"https:\/\/www.osirtuchola.pl\/index.php?rest_route=\/wp\/v2\/posts\/2539\/revisions"}],"wp:attachment":[{"href":"https:\/\/www.osirtuchola.pl\/index.php?rest_route=%2Fwp%2Fv2%2Fmedia&parent=2539"}],"wp:term":[{"taxonomy":"category","embeddable":true,"href":"https:\/\/www.osirtuchola.pl\/index.php?rest_route=%2Fwp%2Fv2%2Fcategories&post=2539"},{"taxonomy":"post_tag","embeddable":true,"href":"https:\/\/www.osirtuchola.pl\/index.php?rest_route=%2Fwp%2Fv2%2Ftags&post=2539"}],"curies":[{"name":"wp","href":"https:\/\/api.w.org\/{rel}","templated":true}]}}