{"id":2677,"date":"2015-04-30T22:08:39","date_gmt":"2015-04-30T22:08:39","guid":{"rendered":"http:\/\/www.osirtuchola.pl\/?p=2677"},"modified":"2015-04-30T22:08:39","modified_gmt":"2015-04-30T22:08:39","slug":"czwartek-z-krolowa-sportu","status":"publish","type":"post","link":"https:\/\/www.osirtuchola.pl\/?p=2677","title":{"rendered":"CZWARTEK Z KR\u00d3LOW\u0104 SPORTU"},"content":{"rendered":"<p><a href=\"http:\/\/www.osirtuchola.pl\/?attachment_id=2678\" rel=\"attachment wp-att-2678\"><img loading=\"lazy\" decoding=\"async\" class=\"alignleft  wp-image-2678\" title=\"DSC05483\" src=\"http:\/\/www.osirtuchola.pl\/wp-content\/uploads\/2015\/04\/DSC05483-300x140.jpg\" alt=\"\" width=\"308\" height=\"165\" \/><\/a>Po raz drugi tej wiosny, m\u0142odzie\u017c z Powiatu Tucholskiego przyby\u0142a na stadion O\u015brodka Sportu i Rekreacji w Tucholi, by rywalizowa\u0107 w lekkoatletycznych zmaganiach na bie\u017cni, skoczniach i rzutni. Jak zwykle dopisa\u0142a pogoda, cho\u0107 po\u0142udniowo &#8211; wschodni wiatr, niew\u0105tpliwie najbardziej dokucza\u0142 sprinterom, kt\u00f3rzy rywalizowali na dystansie 60m. Dopisa\u0142a r\u00f3wnie\u017c frekwencja, co ogromnie cieszy zar\u00f3wno Kr\u00f3low\u0105 sportu jak i organizator\u00f3w XXI ju\u017c edycji Czwartk\u00f3w LA . <strong>209 uczestnik\u00f3w<\/strong> to imponuj\u0105cy wynik. Poni\u017cej prezentujemy fotogaleri\u0119 i komunikat z dzisiejszych zawod\u00f3w. Kolejne lekkoatletyczne zmagania ju\u017c 7 maja. Pocz\u0105tek o godz. 15:30.<\/p>\n<p><a href=\"https:\/\/dl.dropboxusercontent.com\/u\/73638416\/CZ.LA\/2014%20%202015\/WYNIKI%20-%20CZWARTEK%2030%20KWIETNIA%202015.doc\">WYNIKI<\/a><\/p>\n<p><a href=\"https:\/\/dl.dropboxusercontent.com\/u\/73638416\/CZ.LA\/2014%20%202015\/WYNIKI%20-%20CZWARTEK%2030%20KWIETNIA%202015%20GIMNAZJA.doc\">WYNIKI GIMNAZJUM <\/a><\/p>\n<p><object width=\"600\" height=\"400\" classid=\"clsid:d27cdb6e-ae6d-11cf-96b8-444553540000\" codebase=\"http:\/\/download.macromedia.com\/pub\/shockwave\/cabs\/flash\/swflash.cab#version=6,0,40,0\"><param name=\"src\" value=\"https:\/\/photos.gstatic.com\/media\/slideshow.swf\" \/><param name=\"flashvars\" value=\"host=picasaweb.google.com&amp;hl=pl&amp;feat=flashalbum&amp;RGB=0x000000&amp;feed=https%3A%2F%2Fpicasaweb.google.com%2Fdata%2Ffeed%2Fapi%2Fuser%2F100527176904712557505%2Falbumid%2F6143650975775505537%3Falt%3Drss%26kind%3Dphoto%26hl%3Dpl\" \/><param name=\"pluginspage\" value=\"http:\/\/www.macromedia.com\/go\/getflashplayer\" \/><embed width=\"600\" height=\"400\" type=\"application\/x-shockwave-flash\" src=\"https:\/\/photos.gstatic.com\/media\/slideshow.swf\" flashvars=\"host=picasaweb.google.com&amp;hl=pl&amp;feat=flashalbum&amp;RGB=0x000000&amp;feed=https%3A%2F%2Fpicasaweb.google.com%2Fdata%2Ffeed%2Fapi%2Fuser%2F100527176904712557505%2Falbumid%2F6143650975775505537%3Falt%3Drss%26kind%3Dphoto%26hl%3Dpl\" pluginspage=\"http:\/\/www.macromedia.com\/go\/getflashplayer\" \/><\/object><\/p>\n","protected":false},"excerpt":{"rendered":"<p>Po raz drugi tej wiosny, m\u0142odzie\u017c z Powiatu Tucholskiego przyby\u0142a na stadion O\u015brodka Sportu i Rekreacji w Tucholi, by rywalizowa\u0107 w lekkoatletycznych zmaganiach na bie\u017cni, skoczniach i rzutni. Jak zwykle dopisa\u0142a pogoda, cho\u0107 po\u0142udniowo &#8211; wschodni wiatr, niew\u0105tpliwie najbardziej dokucza\u0142 sprinterom, kt\u00f3rzy rywalizowali na dystansie 60m. Dopisa\u0142a r\u00f3wnie\u017c frekwencja, co ogromnie cieszy zar\u00f3wno Kr\u00f3low\u0105 sportu&#8230;<\/p>\n","protected":false},"author":2,"featured_media":0,"comment_status":"closed","ping_status":"open","sticky":false,"template":"","format":"standard","meta":{"_kadence_starter_templates_imported_post":false,"_kad_post_transparent":"","_kad_post_title":"","_kad_post_layout":"","_kad_post_sidebar_id":"","_kad_post_content_style":"","_kad_post_vertical_padding":"","_kad_post_feature":"","_kad_post_feature_position":"","_kad_post_header":false,"_kad_post_footer":false,"footnotes":""},"categories":[2,10],"tags":[],"class_list":["post-2677","post","type-post","status-publish","format-standard","hentry","category-aktualnosci","category-lekka"],"_links":{"self":[{"href":"https:\/\/www.osirtuchola.pl\/index.php?rest_route=\/wp\/v2\/posts\/2677","targetHints":{"allow":["GET"]}}],"collection":[{"href":"https:\/\/www.osirtuchola.pl\/index.php?rest_route=\/wp\/v2\/posts"}],"about":[{"href":"https:\/\/www.osirtuchola.pl\/index.php?rest_route=\/wp\/v2\/types\/post"}],"author":[{"embeddable":true,"href":"https:\/\/www.osirtuchola.pl\/index.php?rest_route=\/wp\/v2\/users\/2"}],"replies":[{"embeddable":true,"href":"https:\/\/www.osirtuchola.pl\/index.php?rest_route=%2Fwp%2Fv2%2Fcomments&post=2677"}],"version-history":[{"count":0,"href":"https:\/\/www.osirtuchola.pl\/index.php?rest_route=\/wp\/v2\/posts\/2677\/revisions"}],"wp:attachment":[{"href":"https:\/\/www.osirtuchola.pl\/index.php?rest_route=%2Fwp%2Fv2%2Fmedia&parent=2677"}],"wp:term":[{"taxonomy":"category","embeddable":true,"href":"https:\/\/www.osirtuchola.pl\/index.php?rest_route=%2Fwp%2Fv2%2Fcategories&post=2677"},{"taxonomy":"post_tag","embeddable":true,"href":"https:\/\/www.osirtuchola.pl\/index.php?rest_route=%2Fwp%2Fv2%2Ftags&post=2677"}],"curies":[{"name":"wp","href":"https:\/\/api.w.org\/{rel}","templated":true}]}}