{"id":2746,"date":"2015-06-18T06:14:32","date_gmt":"2015-06-18T06:14:32","guid":{"rendered":"http:\/\/www.osirtuchola.pl\/?p=2746"},"modified":"2015-06-18T06:14:32","modified_gmt":"2015-06-18T06:14:32","slug":"wystartowaly-zapisy-do-vi-biegu-sw-huberta","status":"publish","type":"post","link":"https:\/\/www.osirtuchola.pl\/?p=2746","title":{"rendered":"WYSTARTOWA\u0141Y ZAPISY DO VI BIEGU \u015aW. HUBERTA"},"content":{"rendered":"<p><a href=\"http:\/\/www.osirtuchola.pl\/?attachment_id=2747\" rel=\"attachment wp-att-2747\"><img loading=\"lazy\" decoding=\"async\" class=\"alignleft size-medium wp-image-2747\" title=\"IMG_0603\" src=\"http:\/\/www.osirtuchola.pl\/wp-content\/uploads\/2015\/06\/IMG_0603-300x212.jpg\" alt=\"\" width=\"300\" height=\"212\" \/><\/a>24 pa\u017adziernika, Tuchola i Bory Tucholskie, ponownie zape\u0142ni\u0105 si\u0119 biegaczami, kt\u00f3rzy po raz sz\u00f3sty, przemierza\u0107 b\u0119d\u0105, 15 kilometrow\u0105 tras\u0119<strong> BIEGU \u015aW. HUBERTA.<\/strong> Od sze\u015bciu ju\u017c lat stolica Bor\u00f3w Tucholskich zaprasza zawodnik\u00f3w z ca\u0142ej Polski, na te niezwyk\u0142e zawody, kt\u00f3rych patronem jest \u015bw. Hubert, patron my\u015bliwych, ale r\u00f3wnie\u017c, o czym ma\u0142o kto wie, sportowc\u00f3w. I w\u0142a\u015bnie dlatego w tym roku, trzeci ju\u017c raz, lasami tucholskimi biega\u0107 b\u0119d\u0105 r\u00f3wnie\u017c ci, kt\u00f3rych pasj\u0105, opr\u00f3cz biegania oczywi\u015bcie, jest my\u015blistwo. To z my\u015bl\u0105 o nich, w ramach biegu odb\u0119d\u0105 si\u0119 III Mistrzostwa Polski My\u015bliwych.\u00a0 Hubertus w Tucholi, to jeden z tych nielicznych bieg\u00f3w, kt\u00f3rych trasa, prawie w ca\u0142o\u015bci wije si\u0119 le\u015bnymi duktami, tu\u017c przy Brdzie, urokliwej rzece, kt\u00f3r\u0105 rok rocznie, sp\u0142ywa tysi\u0105ce kajakowicz\u00f3w. Jak mawiaj\u0105 niekt\u00f3rzy przyrodnicy, Bory to Zielone P\u0142uca Europy, dlatego le\u015bny charakter imprezy, to jeden z tych element\u00f3w, kt\u00f3ry towarzyszy biegowi od samego pocz\u0105tku. Podobnie jak w latach ubieg\u0142ych, finiszowa\u0107 b\u0119dziemy w hali widowiskowo \u2013 sportowej, gdzie na zawodnik\u00f3w czeka\u0107 b\u0119dzie mn\u00f3stwo przygotowanych przez organizator\u00f3w atrakcji z koncertem Reprezentacyjnej Orkiestry Las\u00f3w Pa\u0144stwowych na czele. Maj\u0105c na wzgl\u0119dzie ochron\u0119 \u015brodowiska oraz komfort ka\u017cdego uczestnika zawod\u00f3w, tak jak w ubieg\u0142ym roku, obowi\u0105zuje limit 500 biegaczy. Dlatego te\u017c nie zwlekajmy z zapisami i nie czekajmy z rejestracj\u0105 do samego ko\u0144ca. 24 pa\u017adziernika do Tucholi, zapraszamy r\u00f3wnie\u017c mi\u0142o\u015bnik\u00f3w Nordic Walking. Sz\u00f3sty raz, towarzyszy\u0107 b\u0119dzie biegowi 10 kilometrowy Rajd kijkarzy. W tym roku \u00a0impreza z Tucholi, ponownie znalaz\u0142a si\u0119 w cyklu Grand Prix woj. Kujawsko \u2013 Pomorskiego.\u00a0Wszyscy uczestnicy, kt\u00f3rzy uko\u0144czyli GP w latach 2013 i 2014, obj\u0119ci s\u0105 specjalnym rabatem przy op\u0142acie startowej. Swoim patronatem Bieg \u015bw. Huberta obj\u0119li: Senator A. Kobiak, Marsza\u0142ek woj. Kujawsko \u2013 Pomorskiego, Piotr Ca\u0142becki, Dyrektor Regionalny Las\u00f3w Pa\u0144stwowych w Toruniu, J. Kaczmarek oraz Przewodnicz\u0105cy Zarz\u0105du G\u0142\u00f3wnego PZ\u0141, Lech Bloch.<\/p>\n<p>Poni\u017cej zamieszczamy link do zapis\u00f3w na VI Bieg \u015bw. Huberta i Rajd Nordic Walking oraz regulamin.<\/p>\n<p>ZAPISY &#8211;\u00a0 <a href=\"http:\/\/elektronicznezapisy.pl\/events?user=3647\">http:\/\/elektronicznezapisy.pl\/events?user=3647<\/a><\/p>\n<p><a href=\"https:\/\/dl.dropboxusercontent.com\/u\/73638416\/BIEG%20%C5%9AW.%20HUBERTA\/VI%20BIEG\/Regulamin%20VI%20Biegu%20%C5%9Bw.%20Huberta%20w%20Tucholi.pdf\">REGULAMIN<\/a><\/p>\n<p>GRAND PRIX WOJ. KUJAWSKO &#8211; POMORSKIEGO &#8211;\u00a0 <a href=\"http:\/\/www.grand-prix-biegi.pl\/\">http:\/\/www.grand-prix-biegi.pl\/<\/a><\/p>\n<p>&nbsp;<\/p>\n<p>&nbsp;<\/p>\n","protected":false},"excerpt":{"rendered":"<p>24 pa\u017adziernika, Tuchola i Bory Tucholskie, ponownie zape\u0142ni\u0105 si\u0119 biegaczami, kt\u00f3rzy po raz sz\u00f3sty, przemierza\u0107 b\u0119d\u0105, 15 kilometrow\u0105 tras\u0119 BIEGU \u015aW. HUBERTA. Od sze\u015bciu ju\u017c lat stolica Bor\u00f3w Tucholskich zaprasza zawodnik\u00f3w z ca\u0142ej Polski, na te niezwyk\u0142e zawody, kt\u00f3rych patronem jest \u015bw. Hubert, patron my\u015bliwych, ale r\u00f3wnie\u017c, o czym ma\u0142o kto wie, sportowc\u00f3w. I w\u0142a\u015bnie&#8230;<\/p>\n","protected":false},"author":2,"featured_media":0,"comment_status":"closed","ping_status":"open","sticky":false,"template":"","format":"standard","meta":{"_kadence_starter_templates_imported_post":false,"_kad_post_transparent":"","_kad_post_title":"","_kad_post_layout":"","_kad_post_sidebar_id":"","_kad_post_content_style":"","_kad_post_vertical_padding":"","_kad_post_feature":"","_kad_post_feature_position":"","_kad_post_header":false,"_kad_post_footer":false,"footnotes":""},"categories":[2],"tags":[],"class_list":["post-2746","post","type-post","status-publish","format-standard","hentry","category-aktualnosci"],"_links":{"self":[{"href":"https:\/\/www.osirtuchola.pl\/index.php?rest_route=\/wp\/v2\/posts\/2746","targetHints":{"allow":["GET"]}}],"collection":[{"href":"https:\/\/www.osirtuchola.pl\/index.php?rest_route=\/wp\/v2\/posts"}],"about":[{"href":"https:\/\/www.osirtuchola.pl\/index.php?rest_route=\/wp\/v2\/types\/post"}],"author":[{"embeddable":true,"href":"https:\/\/www.osirtuchola.pl\/index.php?rest_route=\/wp\/v2\/users\/2"}],"replies":[{"embeddable":true,"href":"https:\/\/www.osirtuchola.pl\/index.php?rest_route=%2Fwp%2Fv2%2Fcomments&post=2746"}],"version-history":[{"count":0,"href":"https:\/\/www.osirtuchola.pl\/index.php?rest_route=\/wp\/v2\/posts\/2746\/revisions"}],"wp:attachment":[{"href":"https:\/\/www.osirtuchola.pl\/index.php?rest_route=%2Fwp%2Fv2%2Fmedia&parent=2746"}],"wp:term":[{"taxonomy":"category","embeddable":true,"href":"https:\/\/www.osirtuchola.pl\/index.php?rest_route=%2Fwp%2Fv2%2Fcategories&post=2746"},{"taxonomy":"post_tag","embeddable":true,"href":"https:\/\/www.osirtuchola.pl\/index.php?rest_route=%2Fwp%2Fv2%2Ftags&post=2746"}],"curies":[{"name":"wp","href":"https:\/\/api.w.org\/{rel}","templated":true}]}}