{"id":2814,"date":"2015-07-13T09:28:32","date_gmt":"2015-07-13T09:28:32","guid":{"rendered":"http:\/\/www.osirtuchola.pl\/?p=2814"},"modified":"2015-07-13T09:28:32","modified_gmt":"2015-07-13T09:28:32","slug":"dominika-nowakowska-i-damian-rudnik-najszybsi-w-iii-mili-tucholskiej","status":"publish","type":"post","link":"https:\/\/www.osirtuchola.pl\/?p=2814","title":{"rendered":"DOMINIKA NOWAKOWSKA I DAMIAN RUDNIK NAJSZYBSI W III MILI TUCHOLSKIEJ"},"content":{"rendered":"<p><a href=\"http:\/\/www.osirtuchola.pl\/?attachment_id=2815\" rel=\"attachment wp-att-2815\"><img loading=\"lazy\" decoding=\"async\" class=\"alignleft size-medium wp-image-2815\" title=\"DSC06088\" src=\"http:\/\/www.osirtuchola.pl\/wp-content\/uploads\/2015\/07\/DSC06088-300x199.jpg\" alt=\"\" width=\"300\" height=\"199\" \/><\/a>Niedzielne p\u00f3\u017ane popo\u0142udnie, dostarczy\u0142o mi\u0142o\u015bnikom Kr\u00f3lowej Sportu w Tucholi, wielu niezwyk\u0142ych, sportowych emocji. Ju\u017c po raz trzeci, na stadionie O\u015brodka Sportu i Rekreacji, na dystansie jednej mili, rywalizowa\u0142a zar\u00f3wno czo\u0142\u00f3wka krajowa \u015bredniodystansowc\u00f3w, jak r\u00f3wnie\u017c zawodnicy z Tucholi i okolic, juniorzy, no i dzieci do lat 7 i 13, oczywi\u015bcie na skr\u00f3conych odpowiednio do mo\u017cliwo\u015bci najm\u0142odszych uczestnik\u00f3w dystansach. Kibice co rusz nagradzali gromkimi oklaskami, lekkoatlet\u00f3w przemierzaj\u0105cych tucholsk\u0105 bie\u017cni\u0119. Prawdziwie sportowa uczta i \u015bwi\u0119to biegania zarazem, znakomicie wkomponowuje si\u0119 od trzech ju\u017c lat w obchody Dni Bor\u00f3w Tucholskich. Ro\u015bnie w b\u0142yskawicznym tempie ranga zawod\u00f3w, a co najwa\u017cniejsze i co podkre\u015blaj\u0105 uczestnicy powracaj\u0105cy na tucholsk\u0105 bie\u017cni\u0119, panuje tutaj niezwykle przyjazna i wr\u0119cz rodzinna atmosfera. I w\u0142a\u015bnie w takiej atmosferze wczoraj, przy wy\u015bmienitej pogodzie najlepiej <a href=\"http:\/\/www.osirtuchola.pl\/?attachment_id=2817\" rel=\"attachment wp-att-2817\"><img loading=\"lazy\" decoding=\"async\" class=\"alignleft size-medium wp-image-2817\" title=\"DSC06185\" src=\"http:\/\/www.osirtuchola.pl\/wp-content\/uploads\/2015\/07\/DSC061851-300x199.jpg\" alt=\"\" width=\"300\" height=\"199\" \/><\/a>zaprezentowali si\u0119 g\u0142\u00f3wni faworyci III Mili. <strong>Dominika Nowakowska (4:39,5) <\/strong>nie da\u0142a najmniejszych szans pozosta\u0142ym rywalkom. Reprezentantka Polski i finalistka ostatnich Mistrzostw \u015bwiata w Moskwie (5000m) i przygotowuj\u0105ca si\u0119 do kolejnego Championatu z du\u017c\u0105 przewag\u0105 pokona\u0142a <strong>Mart\u0119 Krawczy\u0144sk\u0105 (4:58,6)<\/strong>, tryumfatork\u0119 I Mili, i <strong>Kamil\u0119 Pob\u0142ock\u0105 (5:07,3)<\/strong>, kt\u00f3ra jako trzecia zameldowa\u0142a si\u0119 na mecie. W g\u0142\u00f3wnym biegu m\u0119\u017cczyzn po d\u0142ugim finiszu, podobnie jak rok temu zwyci\u0119\u017cy\u0142 zawodnik MKS Chojniczanka, <strong>Damian Rudnik (4:14,2)<\/strong>. Za Damianem finiszowali <strong>Andrzej Rogiewicz (4:15,8) i Micha\u0142 Kulpa (4:17,1)<\/strong>.<\/p>\n<p>Dwa najwa\u017cniejsze biegi przebiega\u0142y pod dyktando faworyt\u00f3w i to oni tak naprawd\u0119 dyktowali warunki na czterech okr\u0105\u017ceniach. Wi\u0119kszo\u015b\u0107 startuj\u0105cych biegaczy przygotowuje si\u0119 przysz\u0142otygodniowych Mistrzostw Polski i dla wi\u0119kszo\u015bci, Tucholska Mila by\u0142a ostatnim sprawdzianem fo<a href=\"http:\/\/www.osirtuchola.pl\/?attachment_id=2818\" rel=\"attachment wp-att-2818\"><img loading=\"lazy\" decoding=\"async\" class=\"alignleft size-medium wp-image-2818\" title=\"DSC06192\" src=\"http:\/\/www.osirtuchola.pl\/wp-content\/uploads\/2015\/07\/DSC06192-300x199.jpg\" alt=\"\" width=\"300\" height=\"199\" \/><\/a>rmy przed tymi najwa\u017cniejszymi, krajowymi zawodami. Ciekawie r\u00f3wnie\u017c przebiega\u0142a rywalizacja w kategorii \u015bredniodystansowc\u00f3w reprezentuj\u0105cych Tuchol\u0119 i okolice. Szczeg\u00f3lnie atrakcyjnie wypad\u0142a konfrontacja trenera <strong>Marka Wojtasa<\/strong> ze swoimi podopiecznymi. Stary Mistrz nie sprzeda\u0142 \u0142atwo sk\u00f3ry i co prawda uleg\u0142 ostatecznie <strong>\u0141ukaszowi Kensikowi<\/strong> ale w znakomitym stylu zaj\u0105\u0142 drugie miejsce. Na trzecim stopniu podium stan\u0105\u0142 <strong>Patryk Fr\u0105ckowski.<\/strong> \u00a0W\u015br\u00f3d kobiet najlepiej zaprezentowa\u0142a si\u0119 debiutuj\u0105ca na dystansie 1609 metr\u00f3w <strong>Paulina Landmesser<\/strong>. Za Paulin\u0105 finiszowa\u0142y <strong>Magdalena Wojtas i Alicja Adamczewska<\/strong>. Biegi juniorskie wygrywali w kategorii kobiet: <strong>Dominika Grzelak przed Juli\u0105 Afelt i Dominik\u0105 Przybylsk\u0105<\/strong>, a w kategorii m\u0119\u017cczyzn<strong>: Micha\u0142 Kopecki przed Krystianem Szrajberem i Jakubem Rompalskim. <\/strong>Swoimi biegowymi umiej\u0119tno\u015bciami popisywa\u0142y si\u0119 r\u00f3wnie\u017c najm\u0142odsi lekkoatleci rywalizuj\u0105cy w \u201eBiegach po s\u0142odycze\u201d. Do lat siedmiu na dystansie sprinterskim 100 metr\u00f3w klasyfikacja u\u0142o\u017cy\u0142a si\u0119 nast\u0119puj\u0105co. Dziewcz\u0119ta: <strong>Ronia Sk\u00f3rcz, Zuzanna Strza\u0142kowska, Marta Wojtas;<\/strong> ch\u0142opcy: <strong>Kamil Majczewski, Kacper Wojtas, Kamil Andrearczyk<\/strong>. Natomiast 200 metrow\u0105 odleg\u0142o\u015b\u0107 pokonywa\u0142a m\u0142odzie\u017c do lat 13. W tych biegach najszybciej biegali, w\u015br\u00f3d dziewcz\u0105t: <strong>Wiktoria Hinz, Olga Haffke, Maja Kwiatkowsk<\/strong>a a w\u015br\u00f3d ch\u0142opc\u00f3w: <strong>Karol Sk\u00f3rcz, Patryk Andrearczyk i Kacper Wojtas. <\/strong><\/p>\n<p>Ponad dwie godziny ws<a href=\"http:\/\/www.osirtuchola.pl\/?attachment_id=2819\" rel=\"attachment wp-att-2819\"><img loading=\"lazy\" decoding=\"async\" class=\"alignleft  wp-image-2819\" title=\"DSC06093\" src=\"http:\/\/www.osirtuchola.pl\/wp-content\/uploads\/2015\/07\/DSC06093-300x199.jpg\" alt=\"\" width=\"185\" height=\"126\" \/><\/a>pania\u0142ego lekkoatletycznego mitingu. Szczeg\u00f3lne s\u0142owa uznania nale\u017c\u0105 si\u0119 <strong>Arkadiuszowi Wi\u015bniewskiemu,<\/strong> kt\u00f3ry od trzech lat animuje te ciekawe zawody i sprawia, \u017ce do Tucholi przyje\u017cd\u017caj\u0105 lekkoatleci stawaj\u0105cy na podium nie tylko naszych krajowych zawod\u00f3w. Wielu z nich to medali\u015bci Mistrzostw Polski, Europy a r\u00f3wnie\u017c i \u015awiata w r\u00f3\u017cnych wiekowych kategoriach. Trzymamy zatem kciuki za wszystkich zawodnik\u00f3w i za Arka w nadziei, \u017ce przed nami kolejne udane i stoj\u0105ce na wysokim sportowym poziomie Mile Tucholskie.<\/p>\n<p>Relacja fotograficzna: B. Fierek<br \/>\n<object width=\"600\" height=\"400\" classid=\"clsid:d27cdb6e-ae6d-11cf-96b8-444553540000\" codebase=\"http:\/\/download.macromedia.com\/pub\/shockwave\/cabs\/flash\/swflash.cab#version=6,0,40,0\"><param name=\"src\" value=\"https:\/\/photos.gstatic.com\/media\/slideshow.swf\" \/><param name=\"flashvars\" value=\"host=picasaweb.google.com&amp;hl=pl&amp;feat=flashalbum&amp;RGB=0x000000&amp;feed=https%3A%2F%2Fpicasaweb.google.com%2Fdata%2Ffeed%2Fapi%2Fuser%2F100527176904712557505%2Falbumid%2F6170902864287122961%3Falt%3Drss%26kind%3Dphoto%26hl%3Dpl\" \/><param name=\"pluginspage\" value=\"http:\/\/www.macromedia.com\/go\/getflashplayer\" \/><embed width=\"600\" height=\"400\" type=\"application\/x-shockwave-flash\" src=\"https:\/\/photos.gstatic.com\/media\/slideshow.swf\" flashvars=\"host=picasaweb.google.com&amp;hl=pl&amp;feat=flashalbum&amp;RGB=0x000000&amp;feed=https%3A%2F%2Fpicasaweb.google.com%2Fdata%2Ffeed%2Fapi%2Fuser%2F100527176904712557505%2Falbumid%2F6170902864287122961%3Falt%3Drss%26kind%3Dphoto%26hl%3Dpl\" pluginspage=\"http:\/\/www.macromedia.com\/go\/getflashplayer\" \/><\/object><\/p>\n","protected":false},"excerpt":{"rendered":"<p>Niedzielne p\u00f3\u017ane popo\u0142udnie, dostarczy\u0142o mi\u0142o\u015bnikom Kr\u00f3lowej Sportu w Tucholi, wielu niezwyk\u0142ych, sportowych emocji. Ju\u017c po raz trzeci, na stadionie O\u015brodka Sportu i Rekreacji, na dystansie jednej mili, rywalizowa\u0142a zar\u00f3wno czo\u0142\u00f3wka krajowa \u015bredniodystansowc\u00f3w, jak r\u00f3wnie\u017c zawodnicy z Tucholi i okolic, juniorzy, no i dzieci do lat 7 i 13, oczywi\u015bcie na skr\u00f3conych odpowiednio do mo\u017cliwo\u015bci najm\u0142odszych&#8230;<\/p>\n","protected":false},"author":2,"featured_media":0,"comment_status":"closed","ping_status":"open","sticky":false,"template":"","format":"standard","meta":{"_kadence_starter_templates_imported_post":false,"_kad_post_transparent":"","_kad_post_title":"","_kad_post_layout":"","_kad_post_sidebar_id":"","_kad_post_content_style":"","_kad_post_vertical_padding":"","_kad_post_feature":"","_kad_post_feature_position":"","_kad_post_header":false,"_kad_post_footer":false,"footnotes":""},"categories":[2,10],"tags":[],"class_list":["post-2814","post","type-post","status-publish","format-standard","hentry","category-aktualnosci","category-lekka"],"_links":{"self":[{"href":"https:\/\/www.osirtuchola.pl\/index.php?rest_route=\/wp\/v2\/posts\/2814","targetHints":{"allow":["GET"]}}],"collection":[{"href":"https:\/\/www.osirtuchola.pl\/index.php?rest_route=\/wp\/v2\/posts"}],"about":[{"href":"https:\/\/www.osirtuchola.pl\/index.php?rest_route=\/wp\/v2\/types\/post"}],"author":[{"embeddable":true,"href":"https:\/\/www.osirtuchola.pl\/index.php?rest_route=\/wp\/v2\/users\/2"}],"replies":[{"embeddable":true,"href":"https:\/\/www.osirtuchola.pl\/index.php?rest_route=%2Fwp%2Fv2%2Fcomments&post=2814"}],"version-history":[{"count":0,"href":"https:\/\/www.osirtuchola.pl\/index.php?rest_route=\/wp\/v2\/posts\/2814\/revisions"}],"wp:attachment":[{"href":"https:\/\/www.osirtuchola.pl\/index.php?rest_route=%2Fwp%2Fv2%2Fmedia&parent=2814"}],"wp:term":[{"taxonomy":"category","embeddable":true,"href":"https:\/\/www.osirtuchola.pl\/index.php?rest_route=%2Fwp%2Fv2%2Fcategories&post=2814"},{"taxonomy":"post_tag","embeddable":true,"href":"https:\/\/www.osirtuchola.pl\/index.php?rest_route=%2Fwp%2Fv2%2Ftags&post=2814"}],"curies":[{"name":"wp","href":"https:\/\/api.w.org\/{rel}","templated":true}]}}