{"id":297,"date":"2012-05-20T16:15:19","date_gmt":"2012-05-20T16:15:19","guid":{"rendered":"http:\/\/www.osirtuchola.pl\/?p=297"},"modified":"2012-05-20T16:15:19","modified_gmt":"2012-05-20T16:15:19","slug":"4-tygodnie-do-xiv-igrzysk-olimpijskich-tuchola-londyn-2012","status":"publish","type":"post","link":"https:\/\/www.osirtuchola.pl\/?p=297","title":{"rendered":"4 Tygodnie do XIV Igrzysk Olimpijskich Tuchola &#8211; Londyn 2012"},"content":{"rendered":"<p>&nbsp;<\/p>\n<p><object width=\"600\" height=\"400\" classid=\"clsid:d27cdb6e-ae6d-11cf-96b8-444553540000\" codebase=\"http:\/\/download.macromedia.com\/pub\/shockwave\/cabs\/flash\/swflash.cab#version=6,0,40,0\"><param name=\"src\" value=\"https:\/\/picasaweb.google.com\/s\/c\/bin\/slideshow.swf\" \/><param name=\"flashvars\" value=\"host=picasaweb.google.com&amp;hl=pl&amp;feat=flashalbum&amp;RGB=0x000000&amp;feed=https%3A%2F%2Fpicasaweb.google.com%2Fdata%2Ffeed%2Fapi%2Fuser%2F100527176904712557505%2Falbumid%2F5744601694606514561%3Falt%3Drss%26kind%3Dphoto%26hl%3Dpl\" \/><param name=\"pluginspage\" value=\"http:\/\/www.macromedia.com\/go\/getflashplayer\" \/><embed width=\"600\" height=\"400\" type=\"application\/x-shockwave-flash\" src=\"https:\/\/picasaweb.google.com\/s\/c\/bin\/slideshow.swf\" flashvars=\"host=picasaweb.google.com&amp;hl=pl&amp;feat=flashalbum&amp;RGB=0x000000&amp;feed=https%3A%2F%2Fpicasaweb.google.com%2Fdata%2Ffeed%2Fapi%2Fuser%2F100527176904712557505%2Falbumid%2F5744601694606514561%3Falt%3Drss%26kind%3Dphoto%26hl%3Dpl\" pluginspage=\"http:\/\/www.macromedia.com\/go\/getflashplayer\" \/><\/object><\/p>\n<p>\u201e Zdobywanie minim\u00f3w olimpijskich\u201d to g\u0142\u00f3wne zadanie sportowc\u00f3w, kt\u00f3rzy przyjechali w niedzielne przedpo\u0142udnie do Tucholi, aby na 4 tygodnie przed XIV Igrzyskami Olimpijskimi Sportowc\u00f3w Wiejskich Wojew\u00f3dztwa Kujawsko \u2013 Pomorskiego, walczy\u0107 o jak najlepsze czasy, najdalsze skoki i rzuty, kt\u00f3re pozwol\u0105 wzi\u0105\u0107 udzia\u0142 w rywalizacji o olimpijskie medale.<\/p>\n<p>Zawodniczki i zawodnicy z ca\u0142ego wojew\u00f3dztwa w r\u00f3\u017cnych kategoriach wiekowych toczyli boje w skoku w dal i wzwy\u017c, w pchni\u0119ciu kul\u0105, rzucie oszczepem i dyskiem i oczywi\u015bcie w konkurencjach biegowych, sprintach na 100 i 200 m. oraz na 400, 800, 1000, 1500 i 3000 m.<\/p>\n<p>Lekkoatletycznym zmaganiom towarzyszy\u0142a znakomita, s\u0142oneczna pogoda i chocia\u017c rosn\u0105ca bardzo szybko temperatura, niew\u0105tpliwie momentami utrudnia\u0142a sportow\u0105 rywalizacj\u0119, to trzeba przyzna\u0107, \u017ce w\u0142a\u015bnie taka aura zdaniem organizator\u00f3w, by\u0142aby mile widziana za miesi\u0105c podczas olimpijskich zmaga\u0144.<\/p>\n<p><strong><a href=\"http:\/\/dl.dropbox.com\/u\/73638416\/Komunikat%20-%20Miting%20%2020.%2005.%2012.xls\">Wyniki mitingu.<\/a><\/strong><\/p>\n<p><object width=\"600\" height=\"400\" classid=\"clsid:d27cdb6e-ae6d-11cf-96b8-444553540000\" codebase=\"http:\/\/download.macromedia.com\/pub\/shockwave\/cabs\/flash\/swflash.cab#version=6,0,40,0\"><param name=\"src\" value=\"https:\/\/picasaweb.google.com\/s\/c\/bin\/slideshow.swf\" \/><param name=\"flashvars\" value=\"host=picasaweb.google.com&amp;hl=pl&amp;feat=flashalbum&amp;RGB=0x000000&amp;feed=https%3A%2F%2Fpicasaweb.google.com%2Fdata%2Ffeed%2Fapi%2Fuser%2F100527176904712557505%2Falbumid%2F5744642945895069729%3Falt%3Drss%26kind%3Dphoto%26hl%3Dpl\" \/><param name=\"pluginspage\" value=\"http:\/\/www.macromedia.com\/go\/getflashplayer\" \/><embed width=\"600\" height=\"400\" type=\"application\/x-shockwave-flash\" src=\"https:\/\/picasaweb.google.com\/s\/c\/bin\/slideshow.swf\" flashvars=\"host=picasaweb.google.com&amp;hl=pl&amp;feat=flashalbum&amp;RGB=0x000000&amp;feed=https%3A%2F%2Fpicasaweb.google.com%2Fdata%2Ffeed%2Fapi%2Fuser%2F100527176904712557505%2Falbumid%2F5744642945895069729%3Falt%3Drss%26kind%3Dphoto%26hl%3Dpl\" pluginspage=\"http:\/\/www.macromedia.com\/go\/getflashplayer\" \/><\/object><\/p>\n","protected":false},"excerpt":{"rendered":"<p>&nbsp; \u201e Zdobywanie minim\u00f3w olimpijskich\u201d to g\u0142\u00f3wne zadanie sportowc\u00f3w, kt\u00f3rzy przyjechali w niedzielne przedpo\u0142udnie do Tucholi, aby na 4 tygodnie przed XIV Igrzyskami Olimpijskimi Sportowc\u00f3w Wiejskich Wojew\u00f3dztwa Kujawsko \u2013 Pomorskiego, walczy\u0107 o jak najlepsze czasy, najdalsze skoki i rzuty, kt\u00f3re pozwol\u0105 wzi\u0105\u0107 udzia\u0142 w rywalizacji o olimpijskie medale. Zawodniczki i zawodnicy z ca\u0142ego wojew\u00f3dztwa w&#8230;<\/p>\n","protected":false},"author":2,"featured_media":0,"comment_status":"closed","ping_status":"open","sticky":false,"template":"","format":"standard","meta":{"_kadence_starter_templates_imported_post":false,"_kad_post_transparent":"","_kad_post_title":"","_kad_post_layout":"","_kad_post_sidebar_id":"","_kad_post_content_style":"","_kad_post_vertical_padding":"","_kad_post_feature":"","_kad_post_feature_position":"","_kad_post_header":false,"_kad_post_footer":false,"footnotes":""},"categories":[2],"tags":[],"class_list":["post-297","post","type-post","status-publish","format-standard","hentry","category-aktualnosci"],"_links":{"self":[{"href":"https:\/\/www.osirtuchola.pl\/index.php?rest_route=\/wp\/v2\/posts\/297","targetHints":{"allow":["GET"]}}],"collection":[{"href":"https:\/\/www.osirtuchola.pl\/index.php?rest_route=\/wp\/v2\/posts"}],"about":[{"href":"https:\/\/www.osirtuchola.pl\/index.php?rest_route=\/wp\/v2\/types\/post"}],"author":[{"embeddable":true,"href":"https:\/\/www.osirtuchola.pl\/index.php?rest_route=\/wp\/v2\/users\/2"}],"replies":[{"embeddable":true,"href":"https:\/\/www.osirtuchola.pl\/index.php?rest_route=%2Fwp%2Fv2%2Fcomments&post=297"}],"version-history":[{"count":0,"href":"https:\/\/www.osirtuchola.pl\/index.php?rest_route=\/wp\/v2\/posts\/297\/revisions"}],"wp:attachment":[{"href":"https:\/\/www.osirtuchola.pl\/index.php?rest_route=%2Fwp%2Fv2%2Fmedia&parent=297"}],"wp:term":[{"taxonomy":"category","embeddable":true,"href":"https:\/\/www.osirtuchola.pl\/index.php?rest_route=%2Fwp%2Fv2%2Fcategories&post=297"},{"taxonomy":"post_tag","embeddable":true,"href":"https:\/\/www.osirtuchola.pl\/index.php?rest_route=%2Fwp%2Fv2%2Ftags&post=297"}],"curies":[{"name":"wp","href":"https:\/\/api.w.org\/{rel}","templated":true}]}}