{"id":3044,"date":"2015-10-29T07:26:38","date_gmt":"2015-10-29T07:26:38","guid":{"rendered":"http:\/\/www.osirtuchola.pl\/?p=3044"},"modified":"2015-10-29T07:26:38","modified_gmt":"2015-10-29T07:26:38","slug":"3-listopada-inauguracja-rozgrywek-halowej-ligi-pilki-noznej","status":"publish","type":"post","link":"https:\/\/www.osirtuchola.pl\/?p=3044","title":{"rendered":"3 LISTOPADA INAUGURACJA ROZGRYWEK HALOWEJ LIGI PI\u0141KI NO\u017bNEJ"},"content":{"rendered":"<p><a href=\"http:\/\/www.osirtuchola.pl\/?attachment_id=3045\" rel=\"attachment wp-att-3045\"><img loading=\"lazy\" decoding=\"async\" class=\"alignleft  wp-image-3045\" title=\"PI\u0141KA\" src=\"http:\/\/www.osirtuchola.pl\/wp-content\/uploads\/2015\/10\/PI\u0141KA1.jpg\" alt=\"\" width=\"179\" height=\"176\" \/><\/a>W najbli\u017cszy wtorek 3 listopada rozpoczynaj\u0105 si\u0119 rozgrywki Halowej Ligi Pi\u0142ki No\u017cnej w sezonie 2015\/16. Do rozgrywek zg\u0142osi\u0142o si\u0119 14 dru\u017cyn. Organizatorzy postanowili utworzy\u0107 jedn\u0105 lig\u0119, kt\u00f3ra rywalizowa\u0107 b\u0119dzie w oparciu o zmieniony regulamin. Najwa\u017cniejsza zmiana dotyczy mo\u017cliwo\u015bci przebywania na boisku wszystkich zg\u0142oszonych do rozgrywek zawodnik\u00f3w. W zwi\u0105zku z tymi zmianami, uaktualnione listy dru\u017cyn dostarczy\u0107 nale\u017cy przed pierwszym meczem.\u00a0 Ca\u0142y, poprawiony <strong>REGULAMIN<\/strong> znajduj\u0119 si\u0119 poni\u017cej. Poni\u017cej r\u00f3wnie\u017c terminarz na pierwsze dwa dni rozgrywek. \u00a0Wszystkim \u017cyczymy sportowej, stoj\u0105cej na wysokim poziomie rywalizacji. A wszystko niech dzieje si\u0119 w duchu <strong>FAIR PLAY<\/strong>.<\/p>\n<p>&nbsp;<\/p>\n<p><a href=\"https:\/\/dl.dropboxusercontent.com\/u\/73638416\/PI%C5%81KA%20HALOWA\/2015%202016\/Regulamin%20Ligi%20Halowej%2C%20sezon%202015%20-%202016.pdf\">\u00a0REGULAMIN<\/a><\/p>\n<p>03.11., wtorek<\/p>\n<p>godz.\u00a0 18:45\u00a0 Olpas K\u0119sowo &#8211; TL Mardar Tuchola<\/p>\n<p>godz.\u00a0 19:15\u00a0 BKP Bys\u0142aw I\u00a0 &#8211; Ch\u0142opaczki z S\u0105siedztwa<\/p>\n<p>godz.\u00a0 19:45\u00a0 KS Manionki\u00a0\u00a0 &#8211; AS Mojito Tuchola<\/p>\n<p>godz.\u00a0 20:15\u00a0 FC City Style\u00a0 &#8211; Zjednoczeni Komorza<\/p>\n<p>&nbsp;<\/p>\n<p>04.11., \u015broda<\/p>\n<p>godz. 18:30\u00a0 Zryw Tuchola TL &#8211; Stra\u017c Po\u017carna Tuchola<\/p>\n<p>godz. 19:00\u00a0 BKP Bys\u0142aw II\u00a0\u00a0 &#8211; Hydrotor Tuchola<\/p>\n<p>godz. 19:30\u00a0 W\u015bciek\u0142e Psy\u00a0\u00a0 &#8211; TL Mardar Tuchola<\/p>\n<p>godz. 20:00\u00a0 BKP Bys\u0142aw I\u00a0\u00a0 &#8211; KS\u00a0 Manionki<\/p>\n<p><a href=\"https:\/\/dl.dropboxusercontent.com\/u\/73638416\/PI%C5%81KA%20HALOWA\/2015%202016\/Harmonogram%20rozgrywek%20Halowej%20Ligi%20Pi%C5%82ki%20No%C5%BCnej%20w%20sezonie%202015%202016.pdf\">HARMONOGRAM ROZGRYWEK<\/a><\/p>\n","protected":false},"excerpt":{"rendered":"<p>W najbli\u017cszy wtorek 3 listopada rozpoczynaj\u0105 si\u0119 rozgrywki Halowej Ligi Pi\u0142ki No\u017cnej w sezonie 2015\/16. Do rozgrywek zg\u0142osi\u0142o si\u0119 14 dru\u017cyn. Organizatorzy postanowili utworzy\u0107 jedn\u0105 lig\u0119, kt\u00f3ra rywalizowa\u0107 b\u0119dzie w oparciu o zmieniony regulamin. Najwa\u017cniejsza zmiana dotyczy mo\u017cliwo\u015bci przebywania na boisku wszystkich zg\u0142oszonych do rozgrywek zawodnik\u00f3w. W zwi\u0105zku z tymi zmianami, uaktualnione listy dru\u017cyn dostarczy\u0107&#8230;<\/p>\n","protected":false},"author":2,"featured_media":0,"comment_status":"closed","ping_status":"open","sticky":false,"template":"","format":"standard","meta":{"_kadence_starter_templates_imported_post":false,"_kad_post_transparent":"","_kad_post_title":"","_kad_post_layout":"","_kad_post_sidebar_id":"","_kad_post_content_style":"","_kad_post_vertical_padding":"","_kad_post_feature":"","_kad_post_feature_position":"","_kad_post_header":false,"_kad_post_footer":false,"footnotes":""},"categories":[2],"tags":[],"class_list":["post-3044","post","type-post","status-publish","format-standard","hentry","category-aktualnosci"],"_links":{"self":[{"href":"https:\/\/www.osirtuchola.pl\/index.php?rest_route=\/wp\/v2\/posts\/3044","targetHints":{"allow":["GET"]}}],"collection":[{"href":"https:\/\/www.osirtuchola.pl\/index.php?rest_route=\/wp\/v2\/posts"}],"about":[{"href":"https:\/\/www.osirtuchola.pl\/index.php?rest_route=\/wp\/v2\/types\/post"}],"author":[{"embeddable":true,"href":"https:\/\/www.osirtuchola.pl\/index.php?rest_route=\/wp\/v2\/users\/2"}],"replies":[{"embeddable":true,"href":"https:\/\/www.osirtuchola.pl\/index.php?rest_route=%2Fwp%2Fv2%2Fcomments&post=3044"}],"version-history":[{"count":0,"href":"https:\/\/www.osirtuchola.pl\/index.php?rest_route=\/wp\/v2\/posts\/3044\/revisions"}],"wp:attachment":[{"href":"https:\/\/www.osirtuchola.pl\/index.php?rest_route=%2Fwp%2Fv2%2Fmedia&parent=3044"}],"wp:term":[{"taxonomy":"category","embeddable":true,"href":"https:\/\/www.osirtuchola.pl\/index.php?rest_route=%2Fwp%2Fv2%2Fcategories&post=3044"},{"taxonomy":"post_tag","embeddable":true,"href":"https:\/\/www.osirtuchola.pl\/index.php?rest_route=%2Fwp%2Fv2%2Ftags&post=3044"}],"curies":[{"name":"wp","href":"https:\/\/api.w.org\/{rel}","templated":true}]}}