{"id":3292,"date":"2016-02-28T14:05:02","date_gmt":"2016-02-28T14:05:02","guid":{"rendered":"http:\/\/www.osirtuchola.pl\/?p=3292"},"modified":"2016-02-28T14:05:02","modified_gmt":"2016-02-28T14:05:02","slug":"xv-grand-prix-tenisa-stolowego","status":"publish","type":"post","link":"https:\/\/www.osirtuchola.pl\/?p=3292","title":{"rendered":"XV GRAND PRIX TENISA STO\u0141OWEGO"},"content":{"rendered":"<p><a href=\"http:\/\/www.osirtuchola.pl\/?attachment_id=3293\" rel=\"attachment wp-att-3293\"><img loading=\"lazy\" decoding=\"async\" class=\"alignleft  wp-image-3293\" title=\"1\" src=\"http:\/\/www.osirtuchola.pl\/wp-content\/uploads\/2016\/02\/11-270x300.jpg\" alt=\"\" width=\"181\" height=\"201\" \/><\/a><\/p>\n<p><strong>I TURNIEJ<\/strong><\/p>\n<p>W sobot\u0119 118 tenisistek i tenisist\u00f3w rozpocz\u0119\u0142o czterotygodniowe zmagania w tegorocznym, jubileuszowym XV cyklu Grand Prix Tenisa Sto\u0142owego. Du\u017ce zainteresowanie tenisem sto\u0142owym, ju\u017c na pierwszych zawodach, to niew\u0105tpliwie mi\u0142a niespodzianka dla organizator\u00f3w i dobry prognostyk przed kolejnymi turniejami, kt\u00f3re przypomnijmy zaplanowane s\u0105 na soboty 5, 12\u00a0 i 19 marca. Poni\u017cej przedstawiamy relacj\u0119 fotograficzn\u0105, oraz wyniki we wszystkich kategoriach wiekowych.<\/p>\n<p><strong>II TURNIEJ.<\/strong><\/p>\n<p>Ponownie w sobotnie przedpo\u0142udnie w hali widowiskowo &#8211; sportowej OSiR w Tucholi rz\u0105dzili tenisi\u015bci sto\u0142owi. Tym razem przy sto\u0142ach stan\u0119\u0142o 130 zawodnik\u00f3w. Do Tucholi tradycyjnie ju\u017c, przyje\u017cd\u017caj\u0105 mi\u0142o\u015bnicy tenisa z ca\u0142ego regionu. Podczas ostatniego turnieju go\u015bcili\u015bmy nawet zawodniczk\u0119 z Gda\u0144ska, kt\u00f3ra notabene wygra\u0142a kategori\u0119 m\u0142odziczek (Adrianna Licbarska). Jak wida\u0107 zainteresowanie tym niezwykle wymagaj\u0105cym sportem wcale nie s\u0142abnie, co cieszy organzator\u00f3w, ale r\u00f3wnie\u017c i zawodnik\u00f3w, kt\u00f3rzy maj\u0105 okazj\u0119 stan\u0105\u0107 przy stole z zawodnikami reprezentuj\u0105cymi r\u00f3\u017cne style i techniki odbijania celuloidowej pi\u0142eczki. Okazja do kolejnego spotkania ju\u017c za kilka dni w najbli\u017csz\u0105 sobot\u0119 12 marca o godz. 10:00. Serdecznie zapraszamy.<\/p>\n<p><strong>III TURNIEJ.<\/strong><\/p>\n<p>Po raz trzeci tenisi\u015bci sto\u0142owi spotkali si\u0119 w hali widowiskowo \u2013 sportowej, by rywalizowa\u0107 w XV Grand Prix. Tym razem przy sto\u0142ach stan\u0119\u0142o 111 zawodnik\u00f3w w o\u015bmiu, tradycyjnie rozgrywanych kategoriach. Zgodnie z regulaminem zawod\u00f3w aby by\u0107 klasyfikowanym w ca\u0142ym cyklu, trzeba zagra\u0107 w trzech turniejach, a zatem powoli decyduj\u0105 si\u0119 losy trzech pierwszych miejsc w poszczeg\u00f3lnych kategoriach wiekowych. Oczywi\u015bcie dopiero za tydzie\u0144 b\u0119dziemy mogli og\u0142osi\u0107 oficjalnie wszystkich zwyci\u0119zc\u00f3w ale ju\u017c wida\u0107 zdecydowanych faworyt\u00f3w do najwy\u017cszych lokat. W dw\u00f3ch kategoriach zwyci\u0119stwo zapewnili ju\u017c sobie: <strong>Dorota B\u0142ajek, Gostycyn<\/strong> \u2013 kategoria juniorek i <strong>Antoni Iwicki, \u0141\u0105kie<\/strong> \u2013 kategoria m\u0142odzicy. Ta dw\u00f3jka wygra\u0142a wszystkie trzy turnieje zdobywaj\u0105c maksymaln\u0105 ilo\u015b\u0107 <strong>48 pkt<\/strong>. W pozosta\u0142ych kategoriach do ko\u0144ca wa\u017cy\u0107 si\u0119 b\u0119d\u0105 losy medalowych miejsc. Do ko\u0144cowego sukcesu zbli\u017cy\u0142a si\u0119 bardzo wygrywaj\u0105c kolejny turniej, przyje\u017cd\u017caj\u0105ca na zawody z Gda\u0144ska, <strong>Adrianna Licbarska<\/strong>. Emocji\u00a0 zatem na pewno nie zabraknie, dlatego zapraszamy na ten ostatni ju\u017c fina\u0142owy turniej w jubileuszowym XV Grand Prix. Pocz\u0105tek zawod\u00f3w w najbli\u017csz\u0105 sobot\u0119 (19 marca) o godz. 10:00.<\/p>\n<p><strong>IV FINA\u0141OWY TURNIEJ.<\/strong><\/p>\n<p>Jubileuszowe XV Grand Prix Tenisa Sto\u0142owego za nami. Ciekawy i niezwykle emocjonuj\u0105cy do samego ko\u0144ca turniej, przeszed\u0142 do historii. Ostatni raz przy sto\u0142ach stan\u0119\u0142o 121 zawodnik\u00f3w potwierdzaj\u0105c nies\u0142abn\u0105c\u0105 popularno\u015b\u0107 tenisa sto\u0142owego i jednocze\u015bnie zg\u0142aszaj\u0105c zapotrzebowanie na organizacj\u0119 podobnych turniej\u00f3w. \u00a0W wielu kategoriach do ostatniego pojedynku wa\u017cy\u0142y si\u0119 losy podium a juniorzy musieli nawet rozegra\u0107 dodatkowy, rozstrzygaj\u0105cy o zwyci\u0119stwie w cyklu \u00a0pojedynek. Pe\u0142na lista zwyci\u0119zc\u00f3w w kategoriach poni\u017cej w ko\u0144cowym komunikacie z zawod\u00f3w. Wszystkim uczestnikom gratulujemy i ju\u017c dzisiaj zapraszamy na kolejne edycje Grand Prix.<\/p>\n<p><a href=\"https:\/\/dl.dropboxusercontent.com\/u\/73638416\/GRAND%20PRIX%20TENISA%20STO%C5%81OWEGO\/KOMUNIKAT%202016.xlsx\">KO\u0143COWY KOMUNIKAT.<\/a><\/p>\n<p><a href=\"https:\/\/dl.dropboxusercontent.com\/u\/73638416\/GRAND%20PRIX%20TENISA%20STO%C5%81OWEGO\/REGULAMIN%20GRAND%20XV%20PRIX%202016.doc\">REGULAMIN GRAND PRIX.<\/a><\/p>\n<p><a href=\"https:\/\/dl.dropboxusercontent.com\/u\/73638416\/GRAND%20PRIX%20TENISA%20STO%C5%81OWEGO\/KLASYFIKACJA%20PUNKTOWA%20GRAND%20PRIX%20%202016%20KO%C5%83COWY%20KOMUNIKAT.xls\">WYNIKI GRAND PRIX &#8211; 2016.<\/a><\/p>\n<p>Relacja fotograficzna &#8211; B. Fierek, 28 luty.<\/p>\n<p><object width=\"600\" height=\"400\" classid=\"clsid:d27cdb6e-ae6d-11cf-96b8-444553540000\" codebase=\"http:\/\/download.macromedia.com\/pub\/shockwave\/cabs\/flash\/swflash.cab#version=6,0,40,0\"><param name=\"src\" value=\"https:\/\/photos.gstatic.com\/media\/slideshow.swf\" \/><param name=\"flashvars\" value=\"host=picasaweb.google.com&amp;hl=pl&amp;feat=flashalbum&amp;RGB=0x000000&amp;feed=https%3A%2F%2Fpicasaweb.google.com%2Fdata%2Ffeed%2Fapi%2Fuser%2F100527176904712557505%2Falbumid%2F6256328858376916321%3Falt%3Drss%26kind%3Dphoto%26hl%3Dpl\" \/><param name=\"pluginspage\" value=\"http:\/\/www.macromedia.com\/go\/getflashplayer\" \/><embed width=\"600\" height=\"400\" type=\"application\/x-shockwave-flash\" src=\"https:\/\/photos.gstatic.com\/media\/slideshow.swf\" flashvars=\"host=picasaweb.google.com&amp;hl=pl&amp;feat=flashalbum&amp;RGB=0x000000&amp;feed=https%3A%2F%2Fpicasaweb.google.com%2Fdata%2Ffeed%2Fapi%2Fuser%2F100527176904712557505%2Falbumid%2F6256328858376916321%3Falt%3Drss%26kind%3Dphoto%26hl%3Dpl\" pluginspage=\"http:\/\/www.macromedia.com\/go\/getflashplayer\" \/><\/object><\/p>\n<p>Relacja fotograficzna &#8211; B. Fierek, 5 marca.<br \/>\n<object width=\"600\" height=\"400\" classid=\"clsid:d27cdb6e-ae6d-11cf-96b8-444553540000\" codebase=\"http:\/\/download.macromedia.com\/pub\/shockwave\/cabs\/flash\/swflash.cab#version=6,0,40,0\"><param name=\"src\" value=\"https:\/\/photos.gstatic.com\/media\/slideshow.swf\" \/><param name=\"flashvars\" value=\"host=picasaweb.google.com&amp;hl=pl&amp;feat=flashalbum&amp;RGB=0x000000&amp;feed=https%3A%2F%2Fpicasaweb.google.com%2Fdata%2Ffeed%2Fapi%2Fuser%2F100527176904712557505%2Falbumid%2F6259209459148490433%3Falt%3Drss%26kind%3Dphoto%26hl%3Dpl\" \/><param name=\"pluginspage\" value=\"http:\/\/www.macromedia.com\/go\/getflashplayer\" \/><embed width=\"600\" height=\"400\" type=\"application\/x-shockwave-flash\" src=\"https:\/\/photos.gstatic.com\/media\/slideshow.swf\" flashvars=\"host=picasaweb.google.com&amp;hl=pl&amp;feat=flashalbum&amp;RGB=0x000000&amp;feed=https%3A%2F%2Fpicasaweb.google.com%2Fdata%2Ffeed%2Fapi%2Fuser%2F100527176904712557505%2Falbumid%2F6259209459148490433%3Falt%3Drss%26kind%3Dphoto%26hl%3Dpl\" pluginspage=\"http:\/\/www.macromedia.com\/go\/getflashplayer\" \/><\/object><\/p>\n<p>Fotki OSiR w Tucholi, 12 marca.<\/p>\n<p><object width=\"600\" height=\"400\" classid=\"clsid:d27cdb6e-ae6d-11cf-96b8-444553540000\" codebase=\"http:\/\/download.macromedia.com\/pub\/shockwave\/cabs\/flash\/swflash.cab#version=6,0,40,0\"><param name=\"src\" value=\"https:\/\/photos.gstatic.com\/media\/slideshow.swf\" \/><param name=\"flashvars\" value=\"host=picasaweb.google.com&amp;hl=pl&amp;feat=flashalbum&amp;RGB=0x000000&amp;feed=https%3A%2F%2Fpicasaweb.google.com%2Fdata%2Ffeed%2Fapi%2Fuser%2F100527176904712557505%2Falbumid%2F6261102584956985793%3Falt%3Drss%26kind%3Dphoto%26hl%3Dpl\" \/><param name=\"pluginspage\" value=\"http:\/\/www.macromedia.com\/go\/getflashplayer\" \/><embed width=\"600\" height=\"400\" type=\"application\/x-shockwave-flash\" src=\"https:\/\/photos.gstatic.com\/media\/slideshow.swf\" flashvars=\"host=picasaweb.google.com&amp;hl=pl&amp;feat=flashalbum&amp;RGB=0x000000&amp;feed=https%3A%2F%2Fpicasaweb.google.com%2Fdata%2Ffeed%2Fapi%2Fuser%2F100527176904712557505%2Falbumid%2F6261102584956985793%3Falt%3Drss%26kind%3Dphoto%26hl%3Dpl\" pluginspage=\"http:\/\/www.macromedia.com\/go\/getflashplayer\" \/><\/object><\/p>\n<p>Fotki OSiR w Tucholi, 19 marca.<\/p>\n<p><object width=\"600\" height=\"400\" classid=\"clsid:d27cdb6e-ae6d-11cf-96b8-444553540000\" codebase=\"http:\/\/download.macromedia.com\/pub\/shockwave\/cabs\/flash\/swflash.cab#version=6,0,40,0\"><param name=\"src\" value=\"https:\/\/photos.gstatic.com\/media\/slideshow.swf\" \/><param name=\"flashvars\" value=\"host=picasaweb.google.com&amp;hl=pl&amp;feat=flashalbum&amp;RGB=0x000000&amp;feed=https%3A%2F%2Fpicasaweb.google.com%2Fdata%2Ffeed%2Fapi%2Fuser%2F100527176904712557505%2Falbumid%2F6264404404800239585%3Falt%3Drss%26kind%3Dphoto%26hl%3Dpl\" \/><param name=\"pluginspage\" value=\"http:\/\/www.macromedia.com\/go\/getflashplayer\" \/><embed width=\"600\" height=\"400\" type=\"application\/x-shockwave-flash\" src=\"https:\/\/photos.gstatic.com\/media\/slideshow.swf\" flashvars=\"host=picasaweb.google.com&amp;hl=pl&amp;feat=flashalbum&amp;RGB=0x000000&amp;feed=https%3A%2F%2Fpicasaweb.google.com%2Fdata%2Ffeed%2Fapi%2Fuser%2F100527176904712557505%2Falbumid%2F6264404404800239585%3Falt%3Drss%26kind%3Dphoto%26hl%3Dpl\" pluginspage=\"http:\/\/www.macromedia.com\/go\/getflashplayer\" \/><\/object><\/p>\n","protected":false},"excerpt":{"rendered":"<p>I TURNIEJ W sobot\u0119 118 tenisistek i tenisist\u00f3w rozpocz\u0119\u0142o czterotygodniowe zmagania w tegorocznym, jubileuszowym XV cyklu Grand Prix Tenisa Sto\u0142owego. Du\u017ce zainteresowanie tenisem sto\u0142owym, ju\u017c na pierwszych zawodach, to niew\u0105tpliwie mi\u0142a niespodzianka dla organizator\u00f3w i dobry prognostyk przed kolejnymi turniejami, kt\u00f3re przypomnijmy zaplanowane s\u0105 na soboty 5, 12\u00a0 i 19 marca. Poni\u017cej przedstawiamy relacj\u0119 fotograficzn\u0105,&#8230;<\/p>\n","protected":false},"author":2,"featured_media":0,"comment_status":"closed","ping_status":"open","sticky":false,"template":"","format":"standard","meta":{"_kadence_starter_templates_imported_post":false,"_kad_post_transparent":"","_kad_post_title":"","_kad_post_layout":"","_kad_post_sidebar_id":"","_kad_post_content_style":"","_kad_post_vertical_padding":"","_kad_post_feature":"","_kad_post_feature_position":"","_kad_post_header":false,"_kad_post_footer":false,"footnotes":""},"categories":[2],"tags":[],"class_list":["post-3292","post","type-post","status-publish","format-standard","hentry","category-aktualnosci"],"_links":{"self":[{"href":"https:\/\/www.osirtuchola.pl\/index.php?rest_route=\/wp\/v2\/posts\/3292","targetHints":{"allow":["GET"]}}],"collection":[{"href":"https:\/\/www.osirtuchola.pl\/index.php?rest_route=\/wp\/v2\/posts"}],"about":[{"href":"https:\/\/www.osirtuchola.pl\/index.php?rest_route=\/wp\/v2\/types\/post"}],"author":[{"embeddable":true,"href":"https:\/\/www.osirtuchola.pl\/index.php?rest_route=\/wp\/v2\/users\/2"}],"replies":[{"embeddable":true,"href":"https:\/\/www.osirtuchola.pl\/index.php?rest_route=%2Fwp%2Fv2%2Fcomments&post=3292"}],"version-history":[{"count":0,"href":"https:\/\/www.osirtuchola.pl\/index.php?rest_route=\/wp\/v2\/posts\/3292\/revisions"}],"wp:attachment":[{"href":"https:\/\/www.osirtuchola.pl\/index.php?rest_route=%2Fwp%2Fv2%2Fmedia&parent=3292"}],"wp:term":[{"taxonomy":"category","embeddable":true,"href":"https:\/\/www.osirtuchola.pl\/index.php?rest_route=%2Fwp%2Fv2%2Fcategories&post=3292"},{"taxonomy":"post_tag","embeddable":true,"href":"https:\/\/www.osirtuchola.pl\/index.php?rest_route=%2Fwp%2Fv2%2Ftags&post=3292"}],"curies":[{"name":"wp","href":"https:\/\/api.w.org\/{rel}","templated":true}]}}