{"id":3480,"date":"2016-06-21T08:52:56","date_gmt":"2016-06-21T08:52:56","guid":{"rendered":"http:\/\/www.osirtuchola.pl\/?p=3480"},"modified":"2016-06-21T08:52:56","modified_gmt":"2016-06-21T08:52:56","slug":"sukces-reprezentacji-tucholi-na-igrzyskach-w-chelmnie","status":"publish","type":"post","link":"https:\/\/www.osirtuchola.pl\/?p=3480","title":{"rendered":"SUKCES REPREZENTACJI TUCHOLI NA IGRZYSKACH W CHE\u0141MNIE"},"content":{"rendered":"<p><a href=\"http:\/\/www.osirtuchola.pl\/?attachment_id=3481\" rel=\"attachment wp-att-3481\"><img loading=\"lazy\" decoding=\"async\" class=\"alignleft size-medium wp-image-3481\" title=\"logo_chelmno_2016\" src=\"http:\/\/www.osirtuchola.pl\/wp-content\/uploads\/2016\/06\/logo_chelmno_2016-300x228.jpg\" alt=\"\" width=\"300\" height=\"228\" \/><\/a>W niedzielne popo\u0142udnie w Che\u0142mnie zgas\u0142 Znicz Olimpijski, a flaga z pi\u0119cioma olimpijskimi ko\u0142ami jednocz\u0105cymi sportowc\u00f3w ca\u0142ego wojew\u00f3dztwa kujawsko-pomorskiego, pojecha\u0142a do S\u0119p\u00f3lna Kraje\u0144skiego, gdzie za cztery lata sportowcy zrzeszeni w Ludowych Zespo\u0142ach Sportowych spotkaj\u0105 si\u0119 na XVI Igrzyskach Olimpijskich. Pewnie przyjdzie czas na szczeg\u00f3\u0142ow\u0105 analiz\u0119 wyst\u0119pu naszej Tucholskiej reprezentacji, niemniej warto w kilku s\u0142owach podsumowa\u0107 to, co dzia\u0142o si\u0119 na arenach sportowych Che\u0142mna. Po absolutnie rekordowych dla Tucholi Igrzyskach w 2012 roku (37 medali w tym 19 z\u0142otych), dru\u017cyna jecha\u0142a do <em>\u201emiasta zakochanych\u201d<\/em> z du\u017cymi nadziejami. I rzeczywi\u015bcie worek z medalami rozwi\u0105zali ju\u017c w sobot\u0119 rano lekkoatleci. Na najwy\u017cszym stopniu podium stan\u0119\u0142a jako pierwsza <strong>Karolina Hoppe,<\/strong><a href=\"http:\/\/www.osirtuchola.pl\/?attachment_id=3485\" rel=\"attachment wp-att-3485\"><img loading=\"lazy\" decoding=\"async\" class=\"alignleft size-thumbnail wp-image-3485\" title=\"1\" src=\"http:\/\/www.osirtuchola.pl\/wp-content\/uploads\/2016\/06\/1-150x150.jpg\" alt=\"\" width=\"150\" height=\"150\" \/><\/a> kt\u00f3ra po czterech latach obroni\u0142a mistrzowski tytu\u0142 w pchni\u0119ciu kul\u0105, dorzucaj\u0105c do tego br\u0105z w kolejnej technicznej konkurencji \u2013 rzucie dyskiem. Z\u0142oty medal po czterech latach wywalczy\u0142 r\u00f3wnie\u017c <strong>Bartosz Bukowski<\/strong>, kt\u00f3ry nie mia\u0142 sobie r\u00f3wnych na skoczni wzwy\u017c. Pozosta\u0142e medale lekkoatletyczne zdobywali ju\u017c tylko zawodnicy na bie\u017cni. Z\u0142oto na 3000 metr\u00f3w dla <strong>\u0141ukasza Kensika<\/strong> i srebro dla <strong>Marka Wojtasa.<\/strong> Z\u0142oto i obrona tytu\u0142u dla <strong>Arkadiusza Wi\u015bniewskiego<\/strong> na jego koronnym dystansie 800 m. Z\u0142oto r\u00f3wnie\u017c dla <strong>Krystiana Szrajbra<\/strong>, kt\u00f3ry sprawi\u0142 ogromn\u0105 niespodziank\u0119 wygrywaj\u0105c fina\u0142 na 400 m. Z\u0142oty medal na tym dystansie zawis\u0142 tak\u017ce na szyi <strong>Aleksandry Kleman,<\/strong> kt\u00f3ra srebro dorzuci\u0142a na 200m. W ciekawie zapowiadaj\u0105cym si\u0119 finale na dystansie 1500 m. dw\u00f3ch naszych reprezentat\u00f3w\u00a0 <strong>Arek Wi\u015bniewski i \u0141ukasz Kensik powi\u0119kszyli sw\u00f3j dorobek medalowy o srebrny i br\u0105zowy medal. <\/strong>I na koniec zmaga\u0144 lekkoatletycznych dwie, z\u0142ote Tucholskie sztafety, <strong>4&#215;400 (A. Wi\u015bniewski, \u0141. Kensik,\u00a0 K. Szrajber, P. Fr\u0105ckowski)\u00a0 i Olimpijska (A. Wi\u015bniewski-800m, \u0141. Kensik 400, K. Szrajber-200m, R. Atras<\/strong>&#8211;<strong>100<\/strong>) <a href=\"http:\/\/www.osirtuchola.pl\/?attachment_id=3486\" rel=\"attachment wp-att-3486\"><img loading=\"lazy\" decoding=\"async\" class=\"alignleft size-thumbnail wp-image-3486\" title=\"6\" src=\"http:\/\/www.osirtuchola.pl\/wp-content\/uploads\/2016\/06\/6-150x150.jpg\" alt=\"\" width=\"150\" height=\"150\" \/><\/a>kt\u00f3re podobnie jak na poprzednich igrzyskach jako pierwsze przecina\u0142y lini\u0119 mety. Tymczasem znakomite wie\u015bci nap\u0142ywa\u0142y z innych aren. Nasi najsilniejsi reprezentanci, skutecznie zrewan\u017cowali si\u0119 kolegom z Dobrcza i tym razem to Oni przeci\u0105gaj\u0105c w sk\u0142adzie: <strong>Miko\u0142aj K\u0119sik, Robert Lewandowski, Wojciech Tyda, Pawe\u0142 Redzimski, \u0141ukasz Paw\u0142owski, Piotr Rozwonkowski <\/strong>odbierali z\u0142otem medale. Br\u0105zowa w Che\u0142mnie okaza\u0142a si\u0119 w strzelectwie sportowym <strong>Marzena Drzycimska.<\/strong> R\u00f3wnie\u017c na najni\u017cszym stopniu podium, tym razem stan\u0119\u0142y pi\u0142karki no\u017cne, kt\u00f3re br\u0105zowy medal wywalczy\u0142y pokonuj\u0105c w meczu o 3 miejsce ekip\u0119 Solca Kujawskiego. Dziewczyny prowadzone przez <strong>Marka Zienkiewicza <\/strong>w Che\u0142mnie zagra\u0142y w sk\u0142adzie<strong>: P. Augusty\u0144ska, S. Andrearczyk, O. Domeracka, M. Gali\u0144ska, J. Grzywacz, S. Holweg, D. Klaisa, S. Knitter, J. Knakowska, M. \u0141abicka, N. Miszke, S. Pasi\u0144ska, K. Poch\u00f3jka, L. Zakrzewska. <\/strong>Kierownikiem zespo\u0142u jest Henryk Sala.\u00a0<strong><br \/>\n<\/strong><\/p>\n<p><strong><\/strong>A na deser emocjonowali\u015bmy si\u0119 niezwyk\u0142ym, pi\u0119ciosetowym, zwyci\u0119skim dla Tucholi fina\u0142em siatk\u00f3wki w kt\u00f3rym Tucholanie: <strong>Remigiusz Berent, Rafa\u0142 Szopi\u0144ski, Pawe\u0142 Wajnert, Piotr Smoli\u0144ski, Damian Jonczy\u0144ski, \u0141ukasz Jaruszewski, Konrad Januszewski, Marcin Kukielski, Pawe\u0142 Kukielski,<\/strong>\u00a0 <strong>Dawid Gumi\u0144ski<\/strong> pokonali gospodarzy pomimo przegrania dw\u00f3ch pierwszych set\u00f3w. <a href=\"http:\/\/www.osirtuchola.pl\/?attachment_id=3483\" rel=\"attachment wp-att-3483\"><img loading=\"lazy\" decoding=\"async\" class=\"alignleft size-medium wp-image-3483\" title=\"7\" src=\"http:\/\/www.osirtuchola.pl\/wp-content\/uploads\/2016\/06\/7-300x199.jpg\" alt=\"\" width=\"300\" height=\"199\" \/><\/a><\/p>\n<p>A zatem ponownie po latach z\u0142ote medale siatk\u00f3wki s\u0105 w Tucholi. W pi\u0119tnastu rozegranych igrzyskach 8 razy siatkarze ze stolicy Bor\u00f3w Tuchoskich stawali na najwy\u017cszym podium. Ostatecznie dorobek medalowy z Che\u0142mna to <strong>16 medali: 10 z\u0142otych, 2 srebrne, 4 br\u0105zowe.<\/strong><\/p>\n<p>Tuchola potwierdzi\u0142a zatem swoj\u0105 wysok\u0105 pozycj\u0119 w klasyfikacji medalowej. Ponownie plasowali\u015bmy si\u0119 w czo\u0142\u00f3wce wszystkich klasyfikacji, co niew\u0105tpliwie \u015bwiadczy o dobrej organizacji sportu w Tucholi. Miejmy nadziej\u0119, \u017ce ten wysoki poziom uda si\u0119 utrzyma\u0107. Patrz\u0105c na zapa\u0142, sportow\u0105 rado\u015b\u0107 i zapa\u0142 poszczeg\u00f3lnych zawodnik\u00f3w nie musimy si\u0119 martwi\u0107 o przysz\u0142o\u015bc tucholskiego sportu. Za 4 lata znicz olimpijski zap\u0142onie w niedalekim S\u0119p\u00f3lnie i to w\u0142a\u015bnie tam, ponownie Tuchola walczy\u0107 b\u0119dzie o kolejne medale.<\/p>\n<p><em>Dariusz Sici\u0144ski<\/em><\/p>\n<p><object width=\"600\" height=\"400\" classid=\"clsid:d27cdb6e-ae6d-11cf-96b8-444553540000\" codebase=\"http:\/\/download.macromedia.com\/pub\/shockwave\/cabs\/flash\/swflash.cab#version=6,0,40,0\"><param name=\"src\" value=\"https:\/\/photos.gstatic.com\/media\/slideshow.swf\" \/><param name=\"flashvars\" value=\"host=picasaweb.google.com&amp;hl=pl&amp;feat=flashalbum&amp;RGB=0x000000&amp;feed=https%3A%2F%2Fpicasaweb.google.com%2Fdata%2Ffeed%2Fapi%2Fuser%2F100527176904712557505%2Falbumid%2F6298177733834892161%3Falt%3Drss%26kind%3Dphoto%26hl%3Dpl\" \/><param name=\"pluginspage\" value=\"http:\/\/www.macromedia.com\/go\/getflashplayer\" \/><embed width=\"600\" height=\"400\" type=\"application\/x-shockwave-flash\" src=\"https:\/\/photos.gstatic.com\/media\/slideshow.swf\" flashvars=\"host=picasaweb.google.com&amp;hl=pl&amp;feat=flashalbum&amp;RGB=0x000000&amp;feed=https%3A%2F%2Fpicasaweb.google.com%2Fdata%2Ffeed%2Fapi%2Fuser%2F100527176904712557505%2Falbumid%2F6298177733834892161%3Falt%3Drss%26kind%3Dphoto%26hl%3Dpl\" pluginspage=\"http:\/\/www.macromedia.com\/go\/getflashplayer\" \/><\/object><\/p>\n","protected":false},"excerpt":{"rendered":"<p>W niedzielne popo\u0142udnie w Che\u0142mnie zgas\u0142 Znicz Olimpijski, a flaga z pi\u0119cioma olimpijskimi ko\u0142ami jednocz\u0105cymi sportowc\u00f3w ca\u0142ego wojew\u00f3dztwa kujawsko-pomorskiego, pojecha\u0142a do S\u0119p\u00f3lna Kraje\u0144skiego, gdzie za cztery lata sportowcy zrzeszeni w Ludowych Zespo\u0142ach Sportowych spotkaj\u0105 si\u0119 na XVI Igrzyskach Olimpijskich. Pewnie przyjdzie czas na szczeg\u00f3\u0142ow\u0105 analiz\u0119 wyst\u0119pu naszej Tucholskiej reprezentacji, niemniej warto w kilku s\u0142owach podsumowa\u0107&#8230;<\/p>\n","protected":false},"author":2,"featured_media":0,"comment_status":"closed","ping_status":"open","sticky":false,"template":"","format":"standard","meta":{"_kadence_starter_templates_imported_post":false,"_kad_post_transparent":"","_kad_post_title":"","_kad_post_layout":"","_kad_post_sidebar_id":"","_kad_post_content_style":"","_kad_post_vertical_padding":"","_kad_post_feature":"","_kad_post_feature_position":"","_kad_post_header":false,"_kad_post_footer":false,"footnotes":""},"categories":[2],"tags":[],"class_list":["post-3480","post","type-post","status-publish","format-standard","hentry","category-aktualnosci"],"_links":{"self":[{"href":"https:\/\/www.osirtuchola.pl\/index.php?rest_route=\/wp\/v2\/posts\/3480","targetHints":{"allow":["GET"]}}],"collection":[{"href":"https:\/\/www.osirtuchola.pl\/index.php?rest_route=\/wp\/v2\/posts"}],"about":[{"href":"https:\/\/www.osirtuchola.pl\/index.php?rest_route=\/wp\/v2\/types\/post"}],"author":[{"embeddable":true,"href":"https:\/\/www.osirtuchola.pl\/index.php?rest_route=\/wp\/v2\/users\/2"}],"replies":[{"embeddable":true,"href":"https:\/\/www.osirtuchola.pl\/index.php?rest_route=%2Fwp%2Fv2%2Fcomments&post=3480"}],"version-history":[{"count":0,"href":"https:\/\/www.osirtuchola.pl\/index.php?rest_route=\/wp\/v2\/posts\/3480\/revisions"}],"wp:attachment":[{"href":"https:\/\/www.osirtuchola.pl\/index.php?rest_route=%2Fwp%2Fv2%2Fmedia&parent=3480"}],"wp:term":[{"taxonomy":"category","embeddable":true,"href":"https:\/\/www.osirtuchola.pl\/index.php?rest_route=%2Fwp%2Fv2%2Fcategories&post=3480"},{"taxonomy":"post_tag","embeddable":true,"href":"https:\/\/www.osirtuchola.pl\/index.php?rest_route=%2Fwp%2Fv2%2Ftags&post=3480"}],"curies":[{"name":"wp","href":"https:\/\/api.w.org\/{rel}","templated":true}]}}