{"id":3489,"date":"2016-06-21T09:54:36","date_gmt":"2016-06-21T09:54:36","guid":{"rendered":"http:\/\/www.osirtuchola.pl\/?p=3489"},"modified":"2016-06-21T09:54:36","modified_gmt":"2016-06-21T09:54:36","slug":"2-x-zloto-i-srebro-na-finalach-czwartkow-la-w-lodzi","status":"publish","type":"post","link":"https:\/\/www.osirtuchola.pl\/?p=3489","title":{"rendered":"2 X Z\u0141OTO I SREBRO W XXII FINALE CZWARTK\u00d3W LA W \u0141ODZI"},"content":{"rendered":"<p><a href=\"http:\/\/www.osirtuchola.pl\/?attachment_id=3490\" rel=\"attachment wp-att-3490\"><img loading=\"lazy\" decoding=\"async\" class=\"alignleft  wp-image-3490\" title=\"_20160619_163211\" src=\"http:\/\/www.osirtuchola.pl\/wp-content\/uploads\/2016\/06\/20160619_163211-214x300.jpg\" alt=\"\" width=\"184\" height=\"250\" \/><\/a><a href=\"http:\/\/www.osirtuchola.pl\/?attachment_id=3499\" rel=\"attachment wp-att-3499\"><img loading=\"lazy\" decoding=\"async\" class=\"alignleft  wp-image-3499\" title=\"2\" src=\"http:\/\/www.osirtuchola.pl\/wp-content\/uploads\/2016\/06\/2-225x300.jpg\" alt=\"\" width=\"191\" height=\"251\" \/><\/a><a href=\"http:\/\/www.osirtuchola.pl\/?attachment_id=3503\" rel=\"attachment wp-att-3503\"><img loading=\"lazy\" decoding=\"async\" class=\"alignleft  wp-image-3503\" title=\"mms_20160623_091118\" src=\"http:\/\/www.osirtuchola.pl\/wp-content\/uploads\/2016\/06\/mms_20160623_091118-168x300.jpg\" alt=\"\" width=\"164\" height=\"239\" \/><\/a>Ogromny, wr\u0119cz historyczny sukces odnie\u015bli nasi m\u0142odzi lekkoatleci podczas rozgrywanego w ostatni weekend <strong>Fina\u0142u XXII Edycji Czwartk\u00f3w Lekkoatletycznych<\/strong>. Na stadionie AZS \u0141\u00f3d\u017a, dw\u00f3jka naszych reprezentant\u00f3w stan\u0119\u0142a na najwy\u017cszym stopniu podium. Z\u0142ote medale dla Tucholi wywalczyli: <strong>Agata Lenartowicz, rocznik 2004, uczennica SP 3, kt\u00f3ra pos\u0142a\u0142a pi\u0142eczk\u0119 palantow\u0105 na odleg\u0142o\u015b\u0107 52 metr\u00f3w oraz Hubert Urban, rocznik 2004, ucze\u0144 SP 5, kt\u00f3ry 300 m. dystans pokona\u0142 w czasie 42.65. \u00a0Trzeci medal dla Tucholi zdoby\u0142a Klaudia Hoppe (2005), SP 1, kt\u00f3ra r\u00f3wnie\u017c na dystansie 300 m. z czasem 47.33 uplasowa\u0142a si\u0119 na drugim miejscu.<\/strong> O w\u0142os od medalu by\u0142a czwarta w rzucie pi\u0142eczk\u0105 palantow\u0105 <strong>Julia K\u0142osowska, 47 m<\/strong>. Dzi\u0119ki tym pi\u0119knym sukcesom reprezentacja Tucholi uplasowa\u0142a si\u0119 na 5 miejscu w\u015br\u00f3d 41 ekip rywalizuj\u0105cych w \u0142\u00f3dzkim finale. Za nami takie pot\u0119gi jak, Bydgoszcz, Gda\u0144sk, Szczecin, Wroc\u0142aw, Warszawa i wiele innych. Mamy zatem niezwykle utalentowan\u0105, pe\u0142n\u0105 zapa\u0142u i ch\u0119tn\u0105 do ci\u0119\u017ckiej pracy grup\u0119 m\u0142odych sportowc\u00f3w. Dowodem na to niech b\u0119d\u0105 i nasze Czwartki LA, na kt\u00f3re systematycznie przyje\u017cd\u017ca ponad 200 m\u0142odych lekkoatlet\u00f3w z ca\u0142ego powiatu. W Polsce zainicjowane przez Mariana Woronina Czwartki LA, przez ca\u0142y sezon gromadz\u0105 na stadionach ponad 100 tysi\u0119cy m\u0142odzie\u017cy. Dlatego podium w finale centralnym jest sukcesem na miar\u0119 Mistrzostw Polski. Trzeba zrobi\u0107 wszystko aby szlifowa\u0107 te diamenty, kt\u00f3re tak pi\u0119knie reprezentowa\u0142y miasto, swoje szko\u0142y i ca\u0142e sportowe Tucholskie \u015brodowisko. Podzi\u0119kowania i gratulacje niew\u0105tpliwie nale\u017c\u0105 si\u0119 r\u00f3wnie\u017c rodzicom i nauczycielom. Bez ich zaanga\u017cowania i wysi\u0142ku, ci\u0119\u017cko by\u0142oby o ten sportowy sukces. Teraz trzymajmy kciuki za sportowe kariery tych utalentowanych m\u0142odych ludzi.<\/p>\n<p><em>Dariusz Sici\u0144ski<\/em><\/p>\n","protected":false},"excerpt":{"rendered":"<p>Ogromny, wr\u0119cz historyczny sukces odnie\u015bli nasi m\u0142odzi lekkoatleci podczas rozgrywanego w ostatni weekend Fina\u0142u XXII Edycji Czwartk\u00f3w Lekkoatletycznych. Na stadionie AZS \u0141\u00f3d\u017a, dw\u00f3jka naszych reprezentant\u00f3w stan\u0119\u0142a na najwy\u017cszym stopniu podium. Z\u0142ote medale dla Tucholi wywalczyli: Agata Lenartowicz, rocznik 2004, uczennica SP 3, kt\u00f3ra pos\u0142a\u0142a pi\u0142eczk\u0119 palantow\u0105 na odleg\u0142o\u015b\u0107 52 metr\u00f3w oraz Hubert Urban, rocznik 2004,&#8230;<\/p>\n","protected":false},"author":2,"featured_media":0,"comment_status":"closed","ping_status":"open","sticky":false,"template":"","format":"standard","meta":{"_kadence_starter_templates_imported_post":false,"_kad_post_transparent":"","_kad_post_title":"","_kad_post_layout":"","_kad_post_sidebar_id":"","_kad_post_content_style":"","_kad_post_vertical_padding":"","_kad_post_feature":"","_kad_post_feature_position":"","_kad_post_header":false,"_kad_post_footer":false,"footnotes":""},"categories":[2,10],"tags":[],"class_list":["post-3489","post","type-post","status-publish","format-standard","hentry","category-aktualnosci","category-lekka"],"_links":{"self":[{"href":"https:\/\/www.osirtuchola.pl\/index.php?rest_route=\/wp\/v2\/posts\/3489","targetHints":{"allow":["GET"]}}],"collection":[{"href":"https:\/\/www.osirtuchola.pl\/index.php?rest_route=\/wp\/v2\/posts"}],"about":[{"href":"https:\/\/www.osirtuchola.pl\/index.php?rest_route=\/wp\/v2\/types\/post"}],"author":[{"embeddable":true,"href":"https:\/\/www.osirtuchola.pl\/index.php?rest_route=\/wp\/v2\/users\/2"}],"replies":[{"embeddable":true,"href":"https:\/\/www.osirtuchola.pl\/index.php?rest_route=%2Fwp%2Fv2%2Fcomments&post=3489"}],"version-history":[{"count":0,"href":"https:\/\/www.osirtuchola.pl\/index.php?rest_route=\/wp\/v2\/posts\/3489\/revisions"}],"wp:attachment":[{"href":"https:\/\/www.osirtuchola.pl\/index.php?rest_route=%2Fwp%2Fv2%2Fmedia&parent=3489"}],"wp:term":[{"taxonomy":"category","embeddable":true,"href":"https:\/\/www.osirtuchola.pl\/index.php?rest_route=%2Fwp%2Fv2%2Fcategories&post=3489"},{"taxonomy":"post_tag","embeddable":true,"href":"https:\/\/www.osirtuchola.pl\/index.php?rest_route=%2Fwp%2Fv2%2Ftags&post=3489"}],"curies":[{"name":"wp","href":"https:\/\/api.w.org\/{rel}","templated":true}]}}