{"id":375,"date":"2012-05-31T06:59:24","date_gmt":"2012-05-31T06:59:24","guid":{"rendered":"http:\/\/www.osirtuchola.pl\/?p=375"},"modified":"2012-05-31T06:59:24","modified_gmt":"2012-05-31T06:59:24","slug":"kierunek-lodz","status":"publish","type":"post","link":"https:\/\/www.osirtuchola.pl\/?p=375","title":{"rendered":"Kierunek \u0141\u00f3d\u017a"},"content":{"rendered":"<p>Zako\u0144czy\u0142a si\u0119 kolejna edycja Czwart\u00f3w Lekkoatletycznych w Tucholi.<\/p>\n<p><embed type=\"application\/x-shockwave-flash\" src=\"https:\/\/picasaweb.google.com\/s\/c\/bin\/slideshow.swf\" width=\"600\" height=\"400\" flashvars=\"host=picasaweb.google.com&#038;hl=pl&#038;feat=flashalbum&#038;RGB=0x000000&#038;feed=https%3A%2F%2Fpicasaweb.google.com%2Fdata%2Ffeed%2Fapi%2Fuser%2F100527176904712557505%2Falbumid%2F5748716535000700849%3Falt%3Drss%26kind%3Dphoto%26hl%3Dpl\" pluginspage=\"http:\/\/www.macromedia.com\/go\/getflashplayer\"><\/embed><br \/>\n&nbsp;<br \/>\nDzisiaj zawodnicy wzi\u0119li udzia\u0142 w Finale Miejskim, kt\u00f3ry stanowi\u0142 jednocze\u015bnie podsumowanie wszystkich zawod\u00f3w. Najlepsi lekkoatleci w poszczeg\u00f3lnych konkurencjach otrzymali z r\u0105k Wiceprzewodnicz\u0105cego Rady Miejskiej Tucholi Jana \u015awierczy\u0144skiego, pami\u0105tkowe dyplomy i oczywi\u015bcie powo\u0142ania do reprezentacji, kt\u00f3ra w dniach 22 &#8211; 24 czerwca skonfrontuje swoje umiej\u0119tno\u015bci z innymi zawodnikami podczas Og\u00f3lnopolskiego Fina\u0142u, kt\u00f3ry wyj\u0105tkowo w tym roku rozegrany zostanie w \u0141odzi. \u017byczymy sportowych sukces\u00f3w i prze\u017cycia wspania\u0142ej lekkoatletycznej przygody.<\/p>\n<p><a href=\"http:\/\/dl.dropbox.com\/u\/73638416\/Wyniki%20Fina%C5%82%20Miejski%20Cz.%20L.A.%2031%20maja%20.pdf\">Wyniki Fina\u0142u Miejskiego. <\/a><\/p>\n<p><a href=\"http:\/\/dl.dropbox.com\/u\/73638416\/Sklad%20Og%C3%B3lnopolski%20Fina%C5%82%20Czw.%20L.A.%20w%20%C5%81odzi..pdf\">Sk\u0142ad reprezentacji.<\/a><\/p>\n","protected":false},"excerpt":{"rendered":"<p>Zako\u0144czy\u0142a si\u0119 kolejna edycja Czwart\u00f3w Lekkoatletycznych w Tucholi. &nbsp; Dzisiaj zawodnicy wzi\u0119li udzia\u0142 w Finale Miejskim, kt\u00f3ry stanowi\u0142 jednocze\u015bnie podsumowanie wszystkich zawod\u00f3w. Najlepsi lekkoatleci w poszczeg\u00f3lnych konkurencjach otrzymali z r\u0105k Wiceprzewodnicz\u0105cego Rady Miejskiej Tucholi Jana \u015awierczy\u0144skiego, pami\u0105tkowe dyplomy i oczywi\u015bcie powo\u0142ania do reprezentacji, kt\u00f3ra w dniach 22 &#8211; 24 czerwca skonfrontuje swoje umiej\u0119tno\u015bci z innymi&#8230;<\/p>\n","protected":false},"author":2,"featured_media":0,"comment_status":"closed","ping_status":"open","sticky":false,"template":"","format":"standard","meta":{"_kadence_starter_templates_imported_post":false,"_kad_post_transparent":"","_kad_post_title":"","_kad_post_layout":"","_kad_post_sidebar_id":"","_kad_post_content_style":"","_kad_post_vertical_padding":"","_kad_post_feature":"","_kad_post_feature_position":"","_kad_post_header":false,"_kad_post_footer":false,"footnotes":""},"categories":[2],"tags":[],"class_list":["post-375","post","type-post","status-publish","format-standard","hentry","category-aktualnosci"],"_links":{"self":[{"href":"https:\/\/www.osirtuchola.pl\/index.php?rest_route=\/wp\/v2\/posts\/375","targetHints":{"allow":["GET"]}}],"collection":[{"href":"https:\/\/www.osirtuchola.pl\/index.php?rest_route=\/wp\/v2\/posts"}],"about":[{"href":"https:\/\/www.osirtuchola.pl\/index.php?rest_route=\/wp\/v2\/types\/post"}],"author":[{"embeddable":true,"href":"https:\/\/www.osirtuchola.pl\/index.php?rest_route=\/wp\/v2\/users\/2"}],"replies":[{"embeddable":true,"href":"https:\/\/www.osirtuchola.pl\/index.php?rest_route=%2Fwp%2Fv2%2Fcomments&post=375"}],"version-history":[{"count":0,"href":"https:\/\/www.osirtuchola.pl\/index.php?rest_route=\/wp\/v2\/posts\/375\/revisions"}],"wp:attachment":[{"href":"https:\/\/www.osirtuchola.pl\/index.php?rest_route=%2Fwp%2Fv2%2Fmedia&parent=375"}],"wp:term":[{"taxonomy":"category","embeddable":true,"href":"https:\/\/www.osirtuchola.pl\/index.php?rest_route=%2Fwp%2Fv2%2Fcategories&post=375"},{"taxonomy":"post_tag","embeddable":true,"href":"https:\/\/www.osirtuchola.pl\/index.php?rest_route=%2Fwp%2Fv2%2Ftags&post=375"}],"curies":[{"name":"wp","href":"https:\/\/api.w.org\/{rel}","templated":true}]}}