{"id":4543,"date":"2018-06-18T12:14:41","date_gmt":"2018-06-18T12:14:41","guid":{"rendered":"http:\/\/www.osirtuchola.pl\/?p=4543"},"modified":"2018-06-19T10:27:25","modified_gmt":"2018-06-19T10:27:25","slug":"final-xxiv-edycji-czwartkow-la-w-lodzi","status":"publish","type":"post","link":"https:\/\/www.osirtuchola.pl\/?p=4543","title":{"rendered":"FINA\u0141 XXIV EDYCJI CZWARTK\u00d3W LA W \u0141ODZI"},"content":{"rendered":"<p><img loading=\"lazy\" decoding=\"async\" class=\"alignleft wp-image-4501\" src=\"http:\/\/www.osirtuchola.pl\/wp-content\/uploads\/2018\/05\/CZWARTKI-LOGO.jpg\" alt=\"\" width=\"249\" height=\"250\" srcset=\"https:\/\/www.osirtuchola.pl\/wp-content\/uploads\/2018\/05\/CZWARTKI-LOGO.jpg 185w, https:\/\/www.osirtuchola.pl\/wp-content\/uploads\/2018\/05\/CZWARTKI-LOGO-150x150.jpg 150w\" sizes=\"auto, (max-width: 249px) 100vw, 249px\" \/><\/p>\n<p>Prezentujemy wyniki naszych reprezentant\u00f3w na XXIV Fina\u0142 Czwart\u00f3w LA, kt\u00f3ry odby\u0142 si\u0119 w ostatni weekend w \u0141odzi. Z grona 27 zawodnik\u00f3w na podium stan\u0119\u0142a reprezentatka SP K\u0119sowo, Aneta Ludtke, kt\u00f3ra rzuci\u0142a pi\u0142eczk\u0105 palantow\u0105 na odleg\u0142o\u015b\u0107\u00a0 45,5 m. Odleg\u0142o\u015b\u0107 okaza\u0142a si\u0119 trzeci\u0105 z rocznika 2006. Ponadto pi\u0105tka m\u0142odych lekkoatlet\u00f3w zakwalifikowa\u0142a si\u0119 do fina\u0142\u00f3w w swoich konkurencjach. Serdecznie wszystkim gratulujemy i ju\u017c zapraszamy na jubileuszow\u0105 XXV edycj\u0119 Czwartk\u00f3w LA.<\/p>\n<p><img loading=\"lazy\" decoding=\"async\" class=\"alignleft size-large wp-image-4547\" src=\"http:\/\/www.osirtuchola.pl\/wp-content\/uploads\/2018\/06\/Fina\u0142-Czwartk\u00f3w-LA-\u0141\u00f3d\u017a-2018-001-745x1024.jpg\" alt=\"\" width=\"610\" height=\"838\" srcset=\"https:\/\/www.osirtuchola.pl\/wp-content\/uploads\/2018\/06\/Fina\u0142-Czwartk\u00f3w-LA-\u0141\u00f3d\u017a-2018-001-745x1024.jpg 745w, https:\/\/www.osirtuchola.pl\/wp-content\/uploads\/2018\/06\/Fina\u0142-Czwartk\u00f3w-LA-\u0141\u00f3d\u017a-2018-001-218x300.jpg 218w, https:\/\/www.osirtuchola.pl\/wp-content\/uploads\/2018\/06\/Fina\u0142-Czwartk\u00f3w-LA-\u0141\u00f3d\u017a-2018-001-768x1056.jpg 768w, https:\/\/www.osirtuchola.pl\/wp-content\/uploads\/2018\/06\/Fina\u0142-Czwartk\u00f3w-LA-\u0141\u00f3d\u017a-2018-001.jpg 1700w\" sizes=\"auto, (max-width: 610px) 100vw, 610px\" \/><\/p>\n<p>&nbsp;<\/p>\n","protected":false},"excerpt":{"rendered":"<p>Prezentujemy wyniki naszych reprezentant\u00f3w na XXIV Fina\u0142 Czwart\u00f3w LA, kt\u00f3ry odby\u0142 si\u0119 w ostatni weekend w \u0141odzi. Z grona 27 zawodnik\u00f3w na podium stan\u0119\u0142a reprezentatka SP K\u0119sowo, Aneta Ludtke, kt\u00f3ra rzuci\u0142a pi\u0142eczk\u0105 palantow\u0105 na odleg\u0142o\u015b\u0107\u00a0 45,5 m. Odleg\u0142o\u015b\u0107 okaza\u0142a si\u0119 trzeci\u0105 z rocznika 2006. Ponadto pi\u0105tka m\u0142odych lekkoatlet\u00f3w zakwalifikowa\u0142a si\u0119 do fina\u0142\u00f3w w swoich konkurencjach&#8230;.<\/p>\n","protected":false},"author":2,"featured_media":0,"comment_status":"closed","ping_status":"closed","sticky":false,"template":"","format":"standard","meta":{"_kadence_starter_templates_imported_post":false,"_kad_post_transparent":"","_kad_post_title":"","_kad_post_layout":"","_kad_post_sidebar_id":"","_kad_post_content_style":"","_kad_post_vertical_padding":"","_kad_post_feature":"","_kad_post_feature_position":"","_kad_post_header":false,"_kad_post_footer":false,"footnotes":""},"categories":[2,10],"tags":[],"class_list":["post-4543","post","type-post","status-publish","format-standard","hentry","category-aktualnosci","category-lekka"],"_links":{"self":[{"href":"https:\/\/www.osirtuchola.pl\/index.php?rest_route=\/wp\/v2\/posts\/4543","targetHints":{"allow":["GET"]}}],"collection":[{"href":"https:\/\/www.osirtuchola.pl\/index.php?rest_route=\/wp\/v2\/posts"}],"about":[{"href":"https:\/\/www.osirtuchola.pl\/index.php?rest_route=\/wp\/v2\/types\/post"}],"author":[{"embeddable":true,"href":"https:\/\/www.osirtuchola.pl\/index.php?rest_route=\/wp\/v2\/users\/2"}],"replies":[{"embeddable":true,"href":"https:\/\/www.osirtuchola.pl\/index.php?rest_route=%2Fwp%2Fv2%2Fcomments&post=4543"}],"version-history":[{"count":3,"href":"https:\/\/www.osirtuchola.pl\/index.php?rest_route=\/wp\/v2\/posts\/4543\/revisions"}],"predecessor-version":[{"id":4548,"href":"https:\/\/www.osirtuchola.pl\/index.php?rest_route=\/wp\/v2\/posts\/4543\/revisions\/4548"}],"wp:attachment":[{"href":"https:\/\/www.osirtuchola.pl\/index.php?rest_route=%2Fwp%2Fv2%2Fmedia&parent=4543"}],"wp:term":[{"taxonomy":"category","embeddable":true,"href":"https:\/\/www.osirtuchola.pl\/index.php?rest_route=%2Fwp%2Fv2%2Fcategories&post=4543"},{"taxonomy":"post_tag","embeddable":true,"href":"https:\/\/www.osirtuchola.pl\/index.php?rest_route=%2Fwp%2Fv2%2Ftags&post=4543"}],"curies":[{"name":"wp","href":"https:\/\/api.w.org\/{rel}","templated":true}]}}