{"id":4637,"date":"2018-09-14T10:56:11","date_gmt":"2018-09-14T10:56:11","guid":{"rendered":"http:\/\/www.osirtuchola.pl\/?p=4637"},"modified":"2019-01-11T07:55:37","modified_gmt":"2019-01-11T07:55:37","slug":"xxv-czwartki-la-wystartowaly","status":"publish","type":"post","link":"https:\/\/www.osirtuchola.pl\/?p=4637","title":{"rendered":"XXV CZWARTKI LA WYSTARTOWA\u0141Y"},"content":{"rendered":"<p><img loading=\"lazy\" decoding=\"async\" class=\"alignleft wp-image-4501\" src=\"http:\/\/www.osirtuchola.pl\/wp-content\/uploads\/2018\/05\/CZWARTKI-LOGO.jpg\" alt=\"\" width=\"158\" height=\"159\" srcset=\"https:\/\/www.osirtuchola.pl\/wp-content\/uploads\/2018\/05\/CZWARTKI-LOGO.jpg 185w, https:\/\/www.osirtuchola.pl\/wp-content\/uploads\/2018\/05\/CZWARTKI-LOGO-150x150.jpg 150w\" sizes=\"auto, (max-width: 158px) 100vw, 158px\" \/>13 wrze\u015bnia Tuchola zainaugurowa\u0142a jubileuszow\u0105 XXV edycj\u0119 Czwartk\u00f3w LA. Na lekkoatletyczny stadion O\u015brodka Sportu i Rekreacji w Tucholi stawi\u0142a si\u0119 nadspodziewanie du\u017ca ilo\u015b\u0107 zawodnik\u00f3w, kt\u00f3rzy tradycyjnie ju\u017c rywalizowali w kliku wybranych przez siebie konkurencjach. Na wrzesie\u0144 organizatorzy zaplanowali jeszcze trzy spotkania (17\/20 i 24. 09). Zapraszamy do ogl\u0105dania galerii zdj\u0119\u0107 z poszczeg\u00f3lnych zawod\u00f3w oraz zapoznania si\u0119 z wynikami. Czwartki Lekkoatletyczne finansowane s\u0105\u00a0 ze \u015brodk\u00f3w Gminy Tuchola.<\/p>\n<p><a href=\"https:\/\/photos.app.goo.gl\/CWQJNAgWGgExE3UF6\"><img loading=\"lazy\" decoding=\"async\" class=\"alignleft wp-image-4642\" src=\"http:\/\/www.osirtuchola.pl\/wp-content\/uploads\/2018\/09\/1-1024x681.jpg\" alt=\"\" width=\"556\" height=\"370\" srcset=\"https:\/\/www.osirtuchola.pl\/wp-content\/uploads\/2018\/09\/1-1024x681.jpg 1024w, https:\/\/www.osirtuchola.pl\/wp-content\/uploads\/2018\/09\/1-300x200.jpg 300w, https:\/\/www.osirtuchola.pl\/wp-content\/uploads\/2018\/09\/1-768x511.jpg 768w, https:\/\/www.osirtuchola.pl\/wp-content\/uploads\/2018\/09\/1.jpg 1300w\" sizes=\"auto, (max-width: 556px) 100vw, 556px\" \/><\/a><\/p>\n<p><a href=\"https:\/\/photos.app.goo.gl\/CWQJNAgWGgExE3UF6\">Fotki, 1 Czwartek LA, 13 wrze\u015bnia\u00a0<\/a> \/ Wyniki &#8211; <a href=\"https:\/\/www.dropbox.com\/s\/nlthksyib3lx58z\/Komunikat%20Czwartek%20SP%20LA%20-%2013.09.2018%20%281%29.xlsx?dl=0\">Szko\u0142y Podstawowe<\/a>\u00a0 \/\u00a0 <a href=\"https:\/\/www.dropbox.com\/s\/3un9ymmupc9dntw\/Komunikat%20Czwartek%20GIM%20LA%20-%2013.09.2018%20%282%29.xlsx?dl=0\">Gimnazja<\/a><\/p>\n<p><a href=\"https:\/\/photos.app.goo.gl\/CyeSa9dD4sVMTCym7\">Fotki, 2 Czwartek LA, 17 wrze\u015bnia<\/a> \/ Wyniki &#8211; <a href=\"https:\/\/www.dropbox.com\/s\/a145sy0zzs5gl63\/komunikat%20czwartki%20LA%20-%2017.09.2018.xlsx?dl=0\">Szko\u0142y Podstawowe<\/a>\u00a0 \/\u00a0 <a href=\"https:\/\/www.dropbox.com\/s\/givc9jsrl6l893a\/komunikat%20czwartki%20LA%20-%20gim.%2017.09.2018.xlsx?dl=0\">Gimnazja<\/a><\/p>\n<p><a href=\"https:\/\/photos.app.goo.gl\/DU3H4dVaUx3St3uG7\">Fotki, 3 Czwartek LA, 20 wrze\u015bnia<\/a> \/ Wyniki &#8211; <a href=\"https:\/\/www.dropbox.com\/s\/jzi0l783hlgupju\/komunikat%20czwartki%20LA%20-%2020.09.2018.xlsx?dl=0\">Szko\u0142y Podstawowe<\/a> \/ <a href=\"https:\/\/www.dropbox.com\/s\/8v7q6tpyo6uvo8p\/komunikat%20czwartki%20LA%20-%20gim.%2020.09.2018.xlsx?dl=0\">Gimnazja\u00a0<\/a><\/p>\n<p>4 Czwartek LA, 24 wrze\u015bnia \/\u00a0 Wyniki &#8211; <a href=\"https:\/\/www.dropbox.com\/s\/vcicp4dg2jm79hw\/komunikat%20czwartki%20LA%20-%2024.09.2018.xlsx?dl=0\">Szko\u0142y Podstawowe<\/a> \/ <a href=\"https:\/\/www.dropbox.com\/s\/f53u118m2rcsfuz\/komunikat%20czwartki%20LA%20-%20gim.%2024.09.2018.xlsx?dl=0\">Gimnazja<\/a><\/p>\n","protected":false},"excerpt":{"rendered":"<p>13 wrze\u015bnia Tuchola zainaugurowa\u0142a jubileuszow\u0105 XXV edycj\u0119 Czwartk\u00f3w LA. Na lekkoatletyczny stadion O\u015brodka Sportu i Rekreacji w Tucholi stawi\u0142a si\u0119 nadspodziewanie du\u017ca ilo\u015b\u0107 zawodnik\u00f3w, kt\u00f3rzy tradycyjnie ju\u017c rywalizowali w kliku wybranych przez siebie konkurencjach. Na wrzesie\u0144 organizatorzy zaplanowali jeszcze trzy spotkania (17\/20 i 24. 09). Zapraszamy do ogl\u0105dania galerii zdj\u0119\u0107 z poszczeg\u00f3lnych zawod\u00f3w oraz zapoznania&#8230;<\/p>\n","protected":false},"author":2,"featured_media":0,"comment_status":"closed","ping_status":"closed","sticky":false,"template":"","format":"standard","meta":{"_kadence_starter_templates_imported_post":false,"_kad_post_transparent":"","_kad_post_title":"","_kad_post_layout":"","_kad_post_sidebar_id":"","_kad_post_content_style":"","_kad_post_vertical_padding":"","_kad_post_feature":"","_kad_post_feature_position":"","_kad_post_header":false,"_kad_post_footer":false,"footnotes":""},"categories":[2,10],"tags":[],"class_list":["post-4637","post","type-post","status-publish","format-standard","hentry","category-aktualnosci","category-lekka"],"_links":{"self":[{"href":"https:\/\/www.osirtuchola.pl\/index.php?rest_route=\/wp\/v2\/posts\/4637","targetHints":{"allow":["GET"]}}],"collection":[{"href":"https:\/\/www.osirtuchola.pl\/index.php?rest_route=\/wp\/v2\/posts"}],"about":[{"href":"https:\/\/www.osirtuchola.pl\/index.php?rest_route=\/wp\/v2\/types\/post"}],"author":[{"embeddable":true,"href":"https:\/\/www.osirtuchola.pl\/index.php?rest_route=\/wp\/v2\/users\/2"}],"replies":[{"embeddable":true,"href":"https:\/\/www.osirtuchola.pl\/index.php?rest_route=%2Fwp%2Fv2%2Fcomments&post=4637"}],"version-history":[{"count":14,"href":"https:\/\/www.osirtuchola.pl\/index.php?rest_route=\/wp\/v2\/posts\/4637\/revisions"}],"predecessor-version":[{"id":4707,"href":"https:\/\/www.osirtuchola.pl\/index.php?rest_route=\/wp\/v2\/posts\/4637\/revisions\/4707"}],"wp:attachment":[{"href":"https:\/\/www.osirtuchola.pl\/index.php?rest_route=%2Fwp%2Fv2%2Fmedia&parent=4637"}],"wp:term":[{"taxonomy":"category","embeddable":true,"href":"https:\/\/www.osirtuchola.pl\/index.php?rest_route=%2Fwp%2Fv2%2Fcategories&post=4637"},{"taxonomy":"post_tag","embeddable":true,"href":"https:\/\/www.osirtuchola.pl\/index.php?rest_route=%2Fwp%2Fv2%2Ftags&post=4637"}],"curies":[{"name":"wp","href":"https:\/\/api.w.org\/{rel}","templated":true}]}}