{"id":4675,"date":"2018-10-03T08:22:08","date_gmt":"2018-10-03T08:22:08","guid":{"rendered":"http:\/\/www.osirtuchola.pl\/?p=4675"},"modified":"2018-11-13T14:00:04","modified_gmt":"2018-11-13T14:00:04","slug":"sezon-halowy-za-pasem","status":"publish","type":"post","link":"https:\/\/www.osirtuchola.pl\/?p=4675","title":{"rendered":"SEZON HALOWY ZA PASEM"},"content":{"rendered":"<p><img loading=\"lazy\" decoding=\"async\" class=\"alignleft wp-image-4538\" src=\"http:\/\/www.osirtuchola.pl\/wp-content\/uploads\/2018\/06\/KLASYCZNE-KR\u0118GLE.jpg\" alt=\"\" width=\"209\" height=\"139\" \/>O\u015brodek Sportu i Rekreacji w Tucholi zaprasza wszystkich zainteresowanych na spotkania organizacyjne, inauguruj\u0105ce sezon halowej pi\u0142ki no\u017cnej i zmaga\u0144 na kr\u0119glarskich torach. <strong>18 pa\u017adzie<\/strong><strong>rnika o godz. 18:00 zapraszamy przedstawicieli <\/strong><strong>zespo\u0142\u00f3w pi\u0142karskich do holu hali widowiskowo \u2013 sportowej, natomiast spotkanie z przedstawiciela<\/strong><strong>mi <\/strong><strong>dru\u017cyn kr\u0119glarskich \u00a0odb\u0119dzie si\u0119 o godzinie 19:00 na <\/strong><img loading=\"lazy\" decoding=\"async\" class=\"alignleft wp-image-4676\" src=\"http:\/\/www.osirtuchola.pl\/wp-content\/uploads\/2018\/10\/indeks-2.jpg\" alt=\"\" width=\"208\" height=\"156\" \/><strong>kr\u0119gielni przy ul. Pocztowej. <\/strong><\/p>\n<p>Serdecznie zapraszamy.<\/p>\n<p>&nbsp;<\/p>\n<p>&nbsp;<\/p>\n<p>&nbsp;<\/p>\n<p>LIGA W KR\u0118GLE &#8211; <a href=\"https:\/\/www.dropbox.com\/s\/jq2vf85xs9z70vx\/REGULAMIN%20LIGI%20KREGLARSKIEJ.doc?dl=0\">REGULAMIN<\/a><\/p>\n<p>LIGA W KR\u0118GLE &#8211; ZA\u0141\u0104CZNIK &#8211; <a href=\"https:\/\/www.dropbox.com\/s\/ig85s0n1c201bkj\/Lista%20%20zg%C5%82osze%C5%84.docx?dl=0\">LISTA ZG\u0141OSZE\u0143<\/a><\/p>\n<p>PI\u0141KA HALOWA \u2013 DOKUMENTY\u00a0 DO\u00a0 POBRANIA<\/p>\n<p><a href=\"https:\/\/www.dropbox.com\/s\/6jb7o4dmacgacwh\/Regulamin%20Ligi%20Halowej%2C%20sezon%202017-%202018.doc?dl=0\">REGULAMIN ROZGRYWEK<\/a><\/p>\n<p><a href=\"https:\/\/www.dropbox.com\/s\/g6tqkmstx6li9ve\/Lista%20%20zg%C5%82osze%C5%84.docx?dl=0\">LISTA ZG\u0141OSZE\u0143 <\/a><\/p>\n<p><a href=\"https:\/\/www.dropbox.com\/s\/xqr8ewflhnrud8u\/O%C5%9Bwiadczenie%20zespo%C5%82u.docx?dl=0\">O\u015aWIADCZENIE ZESPO\u0141U<\/a><\/p>\n<p><a href=\"https:\/\/www.dropbox.com\/s\/ulmyo5z3pz10th8\/O%C5%9Bwiadczenie%20rodzic%C3%B3w.doc?dl=0\">O\u015aWIADCZENIE RODZIC\u00d3W<\/a><\/p>\n","protected":false},"excerpt":{"rendered":"<p>O\u015brodek Sportu i Rekreacji w Tucholi zaprasza wszystkich zainteresowanych na spotkania organizacyjne, inauguruj\u0105ce sezon halowej pi\u0142ki no\u017cnej i zmaga\u0144 na kr\u0119glarskich torach. 18 pa\u017adziernika o godz. 18:00 zapraszamy przedstawicieli zespo\u0142\u00f3w pi\u0142karskich do holu hali widowiskowo \u2013 sportowej, natomiast spotkanie z przedstawicielami dru\u017cyn kr\u0119glarskich \u00a0odb\u0119dzie si\u0119 o godzinie 19:00 na kr\u0119gielni przy ul. Pocztowej. Serdecznie zapraszamy&#8230;.<\/p>\n","protected":false},"author":2,"featured_media":0,"comment_status":"closed","ping_status":"closed","sticky":false,"template":"","format":"standard","meta":{"_kadence_starter_templates_imported_post":false,"_kad_post_transparent":"","_kad_post_title":"","_kad_post_layout":"","_kad_post_sidebar_id":"","_kad_post_content_style":"","_kad_post_vertical_padding":"","_kad_post_feature":"","_kad_post_feature_position":"","_kad_post_header":false,"_kad_post_footer":false,"footnotes":""},"categories":[2,5],"tags":[],"class_list":["post-4675","post","type-post","status-publish","format-standard","hentry","category-aktualnosci","category-kregle"],"_links":{"self":[{"href":"https:\/\/www.osirtuchola.pl\/index.php?rest_route=\/wp\/v2\/posts\/4675","targetHints":{"allow":["GET"]}}],"collection":[{"href":"https:\/\/www.osirtuchola.pl\/index.php?rest_route=\/wp\/v2\/posts"}],"about":[{"href":"https:\/\/www.osirtuchola.pl\/index.php?rest_route=\/wp\/v2\/types\/post"}],"author":[{"embeddable":true,"href":"https:\/\/www.osirtuchola.pl\/index.php?rest_route=\/wp\/v2\/users\/2"}],"replies":[{"embeddable":true,"href":"https:\/\/www.osirtuchola.pl\/index.php?rest_route=%2Fwp%2Fv2%2Fcomments&post=4675"}],"version-history":[{"count":8,"href":"https:\/\/www.osirtuchola.pl\/index.php?rest_route=\/wp\/v2\/posts\/4675\/revisions"}],"predecessor-version":[{"id":4715,"href":"https:\/\/www.osirtuchola.pl\/index.php?rest_route=\/wp\/v2\/posts\/4675\/revisions\/4715"}],"wp:attachment":[{"href":"https:\/\/www.osirtuchola.pl\/index.php?rest_route=%2Fwp%2Fv2%2Fmedia&parent=4675"}],"wp:term":[{"taxonomy":"category","embeddable":true,"href":"https:\/\/www.osirtuchola.pl\/index.php?rest_route=%2Fwp%2Fv2%2Fcategories&post=4675"},{"taxonomy":"post_tag","embeddable":true,"href":"https:\/\/www.osirtuchola.pl\/index.php?rest_route=%2Fwp%2Fv2%2Ftags&post=4675"}],"curies":[{"name":"wp","href":"https:\/\/api.w.org\/{rel}","templated":true}]}}