{"id":5198,"date":"2019-12-08T22:01:14","date_gmt":"2019-12-08T22:01:14","guid":{"rendered":"http:\/\/www.osirtuchola.pl\/?p=5198"},"modified":"2019-12-08T22:01:14","modified_gmt":"2019-12-08T22:01:14","slug":"najwiekszy-mis-pojechal-do-legbada","status":"publish","type":"post","link":"https:\/\/www.osirtuchola.pl\/?p=5198","title":{"rendered":"NAJWI\u0118KSZY MI\u015a POJECHA\u0141 DO LEGB\u0104DA"},"content":{"rendered":"<p><a href=\"http:\/\/www.osirtuchola.pl\/wp-content\/uploads\/2019\/12\/DSC08403.jpg\"><img loading=\"lazy\" decoding=\"async\" class=\"alignleft size-medium wp-image-5200\" src=\"http:\/\/www.osirtuchola.pl\/wp-content\/uploads\/2019\/12\/DSC08403-300x200.jpg\" alt=\"\" width=\"300\" height=\"200\" srcset=\"https:\/\/www.osirtuchola.pl\/wp-content\/uploads\/2019\/12\/DSC08403-300x200.jpg 300w, https:\/\/www.osirtuchola.pl\/wp-content\/uploads\/2019\/12\/DSC08403-768x511.jpg 768w, https:\/\/www.osirtuchola.pl\/wp-content\/uploads\/2019\/12\/DSC08403-1024x682.jpg 1024w\" sizes=\"auto, (max-width: 300px) 100vw, 300px\" \/><\/a>Kiedy my\u015blimy o 6 grudnia to pewnie wszystkim, albo prawie wszystkim przychodzi do g\u0142owy \u015bw. Miko\u0142aj, wsadzaj\u0105cy nad ranem w wyczyszczone buty s\u0142odko\u015bci i prezenty. W ostatni pi\u0105tkowy poranek kilkadziesi\u0105t dzieci pomy\u015bla\u0142o jeszcze o czekaj\u0105cej ich w\u0142a\u015bnie w miko\u0142ajki sportowej rywalizacji w tradycyjnym ju\u017c Borowiackim Misiu. W tym roku w hali widowiskowo \u2013 sportowej spotkali\u015bmy si\u0119 ju\u017c po raz sz\u00f3sty, i podobnie jak w ubieg\u0142ym roku do rywalizacji przyst\u0105pi\u0142o sze\u015b\u0107 szk\u00f3\u0142 podstawowych z Legb\u0105da, Raci\u0105\u017ca, SP1, SP2, SP,3 i SP 5 z Tucholi.<\/p>\n<p>Tytu\u0142u broni\u0142a m\u0142odzie\u017c z Legb\u0105da prowadzona przez pani\u0105 Karolin\u0119 Redlarsk\u0105. Ka\u017cda szko\u0142a przygotowa\u0142a swoje reprezentacje w poszczeg\u00f3lnych klasach zaczynaj\u0105c od 1 a ko\u0144cz\u0105c na 5. M\u0142odzi zawodnicy z ka\u017cdego poziomu startowali w trzech punktowanych konkurencjach. Suma punkt\u00f3w decydowa\u0142a o ko\u0144cowej klasyfikacji.<\/p>\n<p>Mo\u017cna powiedzie\u0107, \u017ce w przeci\u0105gu roku niewiele si\u0119 zmieni\u0142o. Najwi\u0119kszy mi\u015b i pierwsze miejsce dla SP Legb\u0105d, drugie dla SP 5, a trzecie dla SP 2. Te dwie dru\u017cyny w stosunku do ubieg\u0142ego roku zamieni\u0142y si\u0119 miejscami. Czwarte miejsce zaj\u0119li reprezentanci SP 3, a na pi\u0105tym ex aequo \u00a0SP Raci\u0105\u017c i SP 1.<\/p>\n<p>Na szczeg\u00f3ln\u0105 uwag\u0119 zas\u0142uguje wspa<a href=\"http:\/\/www.osirtuchola.pl\/wp-content\/uploads\/2019\/12\/DSC08453.jpg\"><img loading=\"lazy\" decoding=\"async\" class=\"alignleft size-medium wp-image-5201\" src=\"http:\/\/www.osirtuchola.pl\/wp-content\/uploads\/2019\/12\/DSC08453-300x200.jpg\" alt=\"\" width=\"300\" height=\"200\" srcset=\"https:\/\/www.osirtuchola.pl\/wp-content\/uploads\/2019\/12\/DSC08453-300x200.jpg 300w, https:\/\/www.osirtuchola.pl\/wp-content\/uploads\/2019\/12\/DSC08453-768x511.jpg 768w, https:\/\/www.osirtuchola.pl\/wp-content\/uploads\/2019\/12\/DSC08453-1024x682.jpg 1024w\" sizes=\"auto, (max-width: 300px) 100vw, 300px\" \/><\/a>niale przygotowany doping kole\u017canek i koleg\u00f3w z poszczeg\u00f3lnych szk\u00f3\u0142, kt\u00f3ry zagrzewa\u0142 do walki kolejne dru\u017cyny klasowe przyst\u0119puj\u0105ce do zawod\u00f3w.<\/p>\n<p>&nbsp;<\/p>\n<p>Te pi\u0119kne, ciekawe obfituj\u0105ce w spor\u0105 dawk\u0119 emocji zako\u0144czy\u0142y si\u0119 wsp\u00f3lnym zdj\u0119ciem, \u017cyczeniami i nadziej\u0105 na spotkanie w przysz\u0142ym 2020 roku.<\/p>\n<p><a href=\"https:\/\/photos.app.goo.gl\/E3ok4ZP3LkXeMs4C7\">FOTKI<\/a><\/p>\n","protected":false},"excerpt":{"rendered":"<p>Kiedy my\u015blimy o 6 grudnia to pewnie wszystkim, albo prawie wszystkim przychodzi do g\u0142owy \u015bw. Miko\u0142aj, wsadzaj\u0105cy nad ranem w wyczyszczone buty s\u0142odko\u015bci i prezenty. W ostatni pi\u0105tkowy poranek kilkadziesi\u0105t dzieci pomy\u015bla\u0142o jeszcze o czekaj\u0105cej ich w\u0142a\u015bnie w miko\u0142ajki sportowej rywalizacji w tradycyjnym ju\u017c Borowiackim Misiu. W tym roku w hali widowiskowo \u2013 sportowej spotkali\u015bmy&#8230;<\/p>\n","protected":false},"author":2,"featured_media":0,"comment_status":"closed","ping_status":"closed","sticky":false,"template":"","format":"standard","meta":{"_kadence_starter_templates_imported_post":false,"_kad_post_transparent":"","_kad_post_title":"","_kad_post_layout":"","_kad_post_sidebar_id":"","_kad_post_content_style":"","_kad_post_vertical_padding":"","_kad_post_feature":"","_kad_post_feature_position":"","_kad_post_header":false,"_kad_post_footer":false,"footnotes":""},"categories":[2],"tags":[],"class_list":["post-5198","post","type-post","status-publish","format-standard","hentry","category-aktualnosci"],"_links":{"self":[{"href":"https:\/\/www.osirtuchola.pl\/index.php?rest_route=\/wp\/v2\/posts\/5198","targetHints":{"allow":["GET"]}}],"collection":[{"href":"https:\/\/www.osirtuchola.pl\/index.php?rest_route=\/wp\/v2\/posts"}],"about":[{"href":"https:\/\/www.osirtuchola.pl\/index.php?rest_route=\/wp\/v2\/types\/post"}],"author":[{"embeddable":true,"href":"https:\/\/www.osirtuchola.pl\/index.php?rest_route=\/wp\/v2\/users\/2"}],"replies":[{"embeddable":true,"href":"https:\/\/www.osirtuchola.pl\/index.php?rest_route=%2Fwp%2Fv2%2Fcomments&post=5198"}],"version-history":[{"count":2,"href":"https:\/\/www.osirtuchola.pl\/index.php?rest_route=\/wp\/v2\/posts\/5198\/revisions"}],"predecessor-version":[{"id":5202,"href":"https:\/\/www.osirtuchola.pl\/index.php?rest_route=\/wp\/v2\/posts\/5198\/revisions\/5202"}],"wp:attachment":[{"href":"https:\/\/www.osirtuchola.pl\/index.php?rest_route=%2Fwp%2Fv2%2Fmedia&parent=5198"}],"wp:term":[{"taxonomy":"category","embeddable":true,"href":"https:\/\/www.osirtuchola.pl\/index.php?rest_route=%2Fwp%2Fv2%2Fcategories&post=5198"},{"taxonomy":"post_tag","embeddable":true,"href":"https:\/\/www.osirtuchola.pl\/index.php?rest_route=%2Fwp%2Fv2%2Ftags&post=5198"}],"curies":[{"name":"wp","href":"https:\/\/api.w.org\/{rel}","templated":true}]}}