{"id":5231,"date":"2019-12-31T07:11:00","date_gmt":"2019-12-31T07:11:00","guid":{"rendered":"http:\/\/www.osirtuchola.pl\/?p=5231"},"modified":"2020-01-11T09:15:18","modified_gmt":"2020-01-11T09:15:18","slug":"kalendarz-imprez-sportowych-w-2020-roku","status":"publish","type":"post","link":"https:\/\/www.osirtuchola.pl\/?p=5231","title":{"rendered":"KALENDARZ IMPREZ SPORTOWYCH W 2020 ROKU"},"content":{"rendered":"<p><a href=\"http:\/\/www.osirtuchola.pl\/wp-content\/uploads\/2019\/03\/OSIR.png\"><img loading=\"lazy\" decoding=\"async\" class=\"alignleft wp-image-4941\" src=\"http:\/\/www.osirtuchola.pl\/wp-content\/uploads\/2019\/03\/OSIR-300x188.png\" alt=\"\" width=\"273\" height=\"171\" srcset=\"https:\/\/www.osirtuchola.pl\/wp-content\/uploads\/2019\/03\/OSIR-300x188.png 300w, https:\/\/www.osirtuchola.pl\/wp-content\/uploads\/2019\/03\/OSIR-768x480.png 768w, https:\/\/www.osirtuchola.pl\/wp-content\/uploads\/2019\/03\/OSIR-1024x640.png 1024w\" sizes=\"auto, (max-width: 273px) 100vw, 273px\" \/><\/a>Ju\u017c tylko godziny dziel\u0105 nas od nowego, r\u00f3wnie\u017c sportowego roku. Czas zatem zapozna\u0107 si\u0119 z propozycj\u0105\u00a0 zawod\u00f3w i imprez sportowych O\u015brodka Sportu i Rekreacji w Tucholi jakie odbywa\u0107 si\u0119 b\u0119d\u0105 w 2020 roku. Tradycyjnie ju\u017c ka\u017cdy mi\u0142o\u015bnik sportu znajdzie co\u015b dla siebie. Od najm\u0142odszych do senior\u00f3w w\u0142\u0105cznie. Mo\u017ce warto zatem w ramach licznych noworocznych postanowie\u0144 umie\u015bci\u0107 swoj\u0105 aktywno\u015b\u0107 fizyczn\u0105 na jednym z czo\u0142owych miejsc i\u00a0 zadba\u0107 o swoj\u0105 kondycj\u0119 i sprawno\u015b\u0107.<\/p>\n<p>Zapraszamy do zapoznania si\u0119 z nasz\u0105 ofert\u0105.<\/p>\n<p><a href=\"https:\/\/www.dropbox.com\/s\/owqmtnj9ya28pit\/KALENDARZ%20IMPREZ%202020.docx?dl=0\">KALENDARZ DO POBRANIA &#8211; KLIKNIJ<\/a><\/p>\n<table width=\"0\">\n<tbody>\n<tr>\n<td width=\"47\"><strong>L.P.<\/strong><\/td>\n<td width=\"293\"><strong>NAZWA\u00a0\u00a0 IMPREZY<\/strong><\/td>\n<td width=\"123\"><strong>Miejsce<\/strong><\/td>\n<td width=\"197\"><strong>Termin<\/strong><\/td>\n<\/tr>\n<tr>\n<td width=\"47\"><strong>\u00a01.<\/strong><\/td>\n<td width=\"293\"><strong>Centralna Liga Junior\u00f3w<\/strong><\/td>\n<td width=\"123\"><strong>kr\u0119gielnia OSiR<\/strong><\/td>\n<td width=\"197\"><strong>11.01 godz. 12 <sup>00<\/sup><\/strong><\/td>\n<\/tr>\n<tr>\n<td width=\"47\"><strong>\u00a02.<\/strong><\/td>\n<td width=\"293\"><strong>WO\u015aP &#8211; turnieje w pi\u0142k\u0119 halow\u0105 (11.01) i minisiatk\u00f3wk\u0119 (12.01)<\/strong><\/td>\n<td width=\"123\"><strong>hala O S i R<\/strong><\/td>\n<td width=\"197\"><strong>11.01 &#8211; 12.01<\/strong><\/td>\n<\/tr>\n<tr>\n<td width=\"47\"><strong>\u00a03.<\/strong><\/td>\n<td width=\"293\"><strong>Grand Prix w tenisie sto\u0142owym \u2013 m\u0142odzik\u00f3w, kadet\u00f3w, junior\u00f3w, senior\u00f3w<\/strong><\/td>\n<td width=\"123\"><strong>hala O S i R<\/strong><\/td>\n<td width=\"197\"><strong>18.01, 22.02, 29.02, 07.03.2020 r. godz. 10 <sup>00<\/sup><\/strong><\/td>\n<\/tr>\n<tr>\n<td width=\"47\"><strong>\u00a04.<\/strong><\/td>\n<td width=\"293\"><strong>Kr\u0119glarska superliga kobiet \u2013 mecze miejscowe<\/strong><\/td>\n<td width=\"123\"><strong>kr\u0119gielnia OSiR<\/strong><\/td>\n<td width=\"197\"><strong>16.02 godz. 12<sup>00\u00a0 <\/sup>Czarna Kula Pozna\u0144<\/strong><\/td>\n<\/tr>\n<tr>\n<td width=\"47\"><strong>\u00a05.<\/strong><\/td>\n<td width=\"293\"><strong>Turnieje pi\u0142ki halowej MLKS <\/strong><\/td>\n<td width=\"123\"><strong>Hala OSiR<\/strong><\/td>\n<td width=\"197\"><strong>18.01 15:00 Kuj-pom liga <\/strong><\/p>\n<p><strong>19.01.- 10:00 \/ MLKS <\/strong><\/p>\n<p><strong>16.02 &#8211; Kuj-pom liga<\/strong><\/td>\n<\/tr>\n<tr>\n<td width=\"47\"><strong>\u00a06.<\/strong><\/td>\n<td width=\"293\"><strong>Liga kr\u0119glarska zak\u0142ad\u00f3w pracy<\/strong><\/td>\n<td width=\"123\"><strong>kr\u0119gielnia OSiR<\/strong><\/td>\n<td width=\"197\"><strong>13.01, 20.01,27.01, 09.02 \u2013 godz. 10<sup>00<\/sup> \u2013 zako\u0144czenie ligi indywidualnie , 17.02 godz.10<sup>00<\/sup>, 24.02\u00a0 g.10 <sup>00<\/sup>, 02.03 godz. 15 <sup>00<\/sup> play off \u00a0i zako\u0144czenie dru\u017cynowe<\/strong><\/p>\n<p><strong>Sezon \u00a02020\/2021 spotkanie \u00a015.10 godz.19<sup>00<\/sup> kr\u0119gielnia<\/strong><\/td>\n<\/tr>\n<tr>\n<td width=\"47\"><strong>\u00a07.<\/strong><\/td>\n<td width=\"293\"><strong>Winter League \u00a0\u2013 MLKS <\/strong><\/td>\n<td width=\"123\"><strong>sztuczne boisko O S i R<\/strong><\/td>\n<td width=\"197\"><strong>od 23.02 \u2013 08.03 \u00a0ka\u017cda niedziela od godz. 12 <sup>00<\/sup> \u2013 16 <sup>00<\/sup> .<\/strong><\/td>\n<\/tr>\n<tr>\n<td width=\"47\"><strong>\u00a08.<\/strong><\/td>\n<td width=\"293\"><strong>Gie\u0142da pracy \u2013 PUP Tuchola<\/strong><\/td>\n<td width=\"123\"><strong>hala O S i R<\/strong><\/td>\n<td width=\"197\"><strong>05.03.2020 godz. 10 <sup>00<\/sup> <\/strong><\/td>\n<\/tr>\n<tr>\n<td width=\"47\"><strong>\u00a09.<\/strong><\/td>\n<td width=\"293\"><strong>III Memoria\u0142 Leszka Gierszewskiego<\/strong><\/td>\n<td width=\"123\"><strong>kr\u0119gielnia OSiR<\/strong><\/td>\n<td width=\"197\"><strong>07 \u2013 08.03<\/strong><\/td>\n<\/tr>\n<tr>\n<td width=\"47\"><strong>\u00a010.<\/strong><\/td>\n<td width=\"293\"><strong>Turniej Miast 6 \u2013 turniej <\/strong><\/td>\n<td width=\"123\"><strong>kr\u0119gielnia OSiR<\/strong><\/td>\n<td width=\"197\"><strong>04.04.20 godz. 9 <sup>00<\/sup><\/strong><\/td>\n<\/tr>\n<tr>\n<td width=\"47\"><strong>\u00a011.<\/strong><\/td>\n<td width=\"293\"><strong>Rajdy dla Frajdy \u2013 inauguracja sezonu<\/strong><\/td>\n<td width=\"123\"><strong>hala OsiR<\/strong><\/td>\n<td width=\"197\"><strong>04.04.20 <\/strong><\/td>\n<\/tr>\n<tr>\n<td width=\"47\"><strong>\u00a012.<\/strong><\/td>\n<td width=\"293\"><strong>Tenis sto\u0142owy &#8211; oldboy<\/strong><\/td>\n<td width=\"123\"><strong>hala OSiR<\/strong><\/td>\n<td width=\"197\"><strong>14.03 ( sobota) godz. 10 <sup>00<\/sup><\/strong><\/td>\n<\/tr>\n<tr>\n<td width=\"47\"><strong>\u00a013.<\/strong><\/td>\n<td width=\"293\"><strong>XI turniej siatk\u00f3wki dru\u017cyn <\/strong><\/p>\n<p><strong>2 &#8211; osobowych<\/strong><\/td>\n<td width=\"123\"><strong>hala OSiR<\/strong><\/td>\n<td width=\"197\"><strong>20.03.20 godz. 17 <sup>00\u00a0 <\/sup>21.03.20 godz. 15<sup>00<\/sup><\/strong><\/td>\n<\/tr>\n<tr>\n<td width=\"47\"><strong>\u00a014.<\/strong><\/td>\n<td width=\"293\"><strong>Czwartki lekkoatletyczne szk\u00f3\u0142 podstawowych<\/strong><\/td>\n<td width=\"123\"><strong>\u00a0<\/strong><\/p>\n<p><strong>stadion O S i R<\/strong><\/p>\n<p><strong>\u00a0<\/strong><\/p>\n<p><strong>\u00a0<\/strong><\/td>\n<td width=\"197\"><strong>23.04, 07.05, 14.05, 18.05, \u00a021.05, 28.05 \u2013 fina\u0142 miejski \u2013 zawsze godz. 15 <sup>30<\/sup><\/strong><\/p>\n<p><strong>jesie\u0144 \u201310.09, 14.09, 17.09, 24.09 \u00a0godz. 15<sup>30<\/sup><\/strong><\/td>\n<\/tr>\n<tr>\n<td width=\"47\"><strong>\u00a015.<\/strong><\/td>\n<td width=\"293\"><strong>Powiatowe zawody w 3 \u2013 boju i 4 &#8211; boju<\/strong><\/td>\n<td width=\"123\"><strong>stadion O S i R<\/strong><\/td>\n<td width=\"197\"><strong>14.05.20 ( pon.) godz. 9<sup>30<\/sup><\/strong><\/td>\n<\/tr>\n<tr>\n<td width=\"47\"><strong>\u00a016.<\/strong><\/td>\n<td width=\"293\"><strong>Czwartki lekkoatletyczne szk\u00f3\u0142 gimnazjalnych i ponadgimnazjalnych <\/strong><\/td>\n<td width=\"123\"><strong>stadion O S i R<\/strong><\/td>\n<td width=\"197\"><strong>23.04,07.05,14.05,18.05,<\/strong><\/p>\n<p><strong>17.09, 24.09.2020 \u2013 zawsze \u00a0godz. 15<sup>30<\/sup><\/strong><\/td>\n<\/tr>\n<tr>\n<td width=\"47\"><strong>\u00a017.<\/strong><\/td>\n<td width=\"293\"><strong>XXI Powiatowe Igrzyska Sportowo &#8211; Rekreacyjne<\/strong><\/td>\n<td width=\"123\"><strong>stadion O S i R<\/strong><\/td>\n<td width=\"197\"><strong>29.05.20 godz. 9 <sup>00<\/sup><\/strong><\/td>\n<\/tr>\n<tr>\n<td width=\"47\"><strong>\u00a018.<\/strong><\/td>\n<td width=\"293\"><strong>Eliminacja do Mistrzostw Polski Modeli P\u0142ywaj\u0105cych sekcji M<\/strong><\/td>\n<td width=\"123\"><strong>\u00a0<\/strong><\/td>\n<td width=\"197\"><strong>30 \u2013 31.05. 2020<\/strong><\/td>\n<\/tr>\n<tr>\n<td width=\"47\"><strong>\u00a019.<\/strong><\/td>\n<td width=\"293\"><strong>Fina\u0142 I.O.S.W. Wojew\u00f3dztwa Kujawsko \u2013Pomorskiego \u201eTokio &#8211; 2020\u201d<\/strong><\/td>\n<td width=\"123\"><strong>S\u0119p\u00f3lno Kraje\u0144skie<\/strong><\/td>\n<td width=\"197\"><strong>19 \u2013 21.06. 2020<\/strong><\/td>\n<\/tr>\n<tr>\n<td width=\"47\"><strong>\u00a020.<\/strong><\/td>\n<td width=\"293\"><strong>Fina\u0142 Og\u00f3lnopolski \u201eCzwartk\u00f3w la\u201d<\/strong><\/td>\n<td width=\"123\"><strong>\u0141\u00f3d\u017a<\/strong><\/td>\n<td width=\"197\"><strong>20 \u2013 21.06.2020<\/strong><\/td>\n<\/tr>\n<tr>\n<td width=\"47\"><strong>\u00a021.<\/strong><\/td>\n<td width=\"293\"><strong>Otwarte Mistrzostwa Tucholi w Kr\u0119glach<\/strong><\/td>\n<td width=\"123\"><strong>kr\u0119gielnia<\/strong><\/td>\n<td width=\"197\"><strong>20 \u2013 21.06.20<\/strong><\/td>\n<\/tr>\n<tr>\n<td width=\"47\"><strong>\u00a022.<\/strong><\/td>\n<td width=\"293\"><strong>Puchar Bor\u00f3w Tucholskich \u2013 seniorzy <\/strong><\/td>\n<td width=\"123\"><strong>kr\u0119gielnia<\/strong><\/td>\n<td width=\"197\"><strong>04 \u2013 05.07.20<\/strong><\/td>\n<\/tr>\n<tr>\n<td width=\"47\"><strong>\u00a023.<\/strong><\/td>\n<td width=\"293\"><strong>VIII Mila Tucholska<\/strong><\/td>\n<td width=\"123\"><strong>stadion O S i R<\/strong><\/td>\n<td width=\"197\"><strong>05.07.20 godz. 18<sup>00<\/sup><\/strong><\/td>\n<\/tr>\n<tr>\n<td width=\"47\"><strong>\u00a024.<\/strong><\/td>\n<td width=\"293\"><strong>Turniej szachowy o Puchar Bor\u00f3w Tucholskich<\/strong><\/td>\n<td width=\"123\"><strong>stadion O S i R <\/strong><\/td>\n<td width=\"197\"><strong>05.07.2020 r.<\/strong><\/td>\n<\/tr>\n<tr>\n<td width=\"47\"><strong>\u00a025.<\/strong><\/td>\n<td width=\"293\"><strong>Turniej siatk\u00f3wki dru\u017cyn mieszanych<\/strong><\/td>\n<td width=\"123\"><strong>stadion O S i R<\/strong><\/td>\n<td width=\"197\"><strong>25.07.2020 godz. 10<sup>00<\/sup><\/strong><\/td>\n<\/tr>\n<tr>\n<td width=\"47\"><strong>\u00a026.<\/strong><\/td>\n<td width=\"293\"><strong>Mistrzostwa Kujaw i Pomorza \u2013 Baszka M\u00e9szter\u00a0 Sport<\/strong><\/td>\n<td width=\"123\"><strong>hala O S i R<\/strong><\/td>\n<td width=\"197\"><strong>20.09.2020 r. godz. 13<sup>00<\/sup> \u2013 17<sup>00<\/sup><\/strong><\/td>\n<\/tr>\n<tr>\n<td width=\"47\"><strong>\u00a027.<\/strong><\/td>\n<td width=\"293\"><strong>Wojew\u00f3dzkie Do\u017cynki<\/strong><\/td>\n<td width=\"123\"><strong>O S i R<\/strong><\/td>\n<td width=\"197\"><strong>30.08. <\/strong><\/td>\n<\/tr>\n<tr>\n<td width=\"47\"><strong>\u00a028.<\/strong><\/td>\n<td width=\"293\"><strong>XXXVIII Bieg Borowiak\u00f3w<\/strong><\/td>\n<td width=\"123\"><strong>stadion O S i R<\/strong><\/td>\n<td width=\"197\"><strong>26.09.20 godz. 11<sup>00<\/sup><\/strong><\/td>\n<\/tr>\n<tr>\n<td width=\"47\"><strong>\u00a029.<\/strong><\/td>\n<td width=\"293\"><strong>Puchar Bor\u00f3w Tucholskich dzieci, m\u0142odzicy, juniorzy m\u0142odsi w kr\u0119glach<\/strong><\/td>\n<td width=\"123\"><strong>kr\u0119gielnia<\/strong><\/td>\n<td width=\"197\"><strong>03 \u2013 04.10.2020 r.<\/strong><\/td>\n<\/tr>\n<tr>\n<td width=\"47\"><strong>\u00a030.<\/strong><\/td>\n<td width=\"293\"><strong>XI Bieg \u015bw. Huberta \u2013 15 km<\/strong><\/p>\n<p><strong>XI Rajd Nordic Walking \u2013 10 km<\/strong><\/td>\n<td width=\"123\"><strong>O S i R<\/strong><\/td>\n<td width=\"197\"><strong>24.10.20 godz. 12<sup>00<\/sup><\/strong><\/p>\n<p><strong>24.10.20 godz. 11<sup>00<\/sup><\/strong><\/td>\n<\/tr>\n<tr>\n<td width=\"47\"><strong>\u00a031.<\/strong><\/td>\n<td width=\"293\"><strong>IV Rodzinny \u00a0Bal \u015awi\u0119tych<\/strong><\/td>\n<td width=\"123\"><strong>hala O S i R<\/strong><\/td>\n<td width=\"197\"><strong>25.10.20 godz. 16 <sup>00<\/sup><\/strong><\/td>\n<\/tr>\n<tr>\n<td width=\"47\"><strong>\u00a032.<\/strong><\/td>\n<td width=\"293\"><strong>Bieg do niepodleg\u0142o\u015bci\u00a0 &#8211; 1920 m<\/strong><\/td>\n<td width=\"123\"><strong>Stadion OSiR<\/strong><\/td>\n<td width=\"197\"><strong>11.11. 20 godz. 12<sup> 00<\/sup><\/strong><\/td>\n<\/tr>\n<tr>\n<td width=\"47\"><strong>\u00a033.<\/strong><\/td>\n<td width=\"293\"><strong>XXI Turniej siatk\u00f3wki \u00a03 &#8211; jek<\/strong><\/td>\n<td width=\"123\"><strong>hala O S i R<\/strong><\/td>\n<td width=\"197\"><strong>14 \u2013 15 .11.2020 godz. 10<sup>00<\/sup><\/strong><\/td>\n<\/tr>\n<tr>\n<td width=\"47\"><strong>34.<br \/>\n<\/strong><\/td>\n<td width=\"293\"><strong>Otwarte Mistrzostwa Tucholi w Szachach Szybkich <\/strong><\/td>\n<td width=\"123\"><strong>hala OSiR<\/strong><\/td>\n<td width=\"197\"><strong>28.11.20 godz. 10 <sup>00<\/sup><\/strong><\/td>\n<\/tr>\n<tr>\n<td width=\"47\"><strong>\u00a035.<\/strong><\/td>\n<td width=\"293\"><strong>VII Miko\u0142ajkowy Turniej Szk\u00f3\u0142 Podstawowych<\/strong><\/td>\n<td width=\"123\"><strong>hala O S i R<\/strong><\/td>\n<td width=\"197\"><strong>11.12.20 godz. 10<sup>00<\/sup><\/strong><\/td>\n<\/tr>\n<\/tbody>\n<\/table>\n","protected":false},"excerpt":{"rendered":"<p>Ju\u017c tylko godziny dziel\u0105 nas od nowego, r\u00f3wnie\u017c sportowego roku. Czas zatem zapozna\u0107 si\u0119 z propozycj\u0105\u00a0 zawod\u00f3w i imprez sportowych O\u015brodka Sportu i Rekreacji w Tucholi jakie odbywa\u0107 si\u0119 b\u0119d\u0105 w 2020 roku. Tradycyjnie ju\u017c ka\u017cdy mi\u0142o\u015bnik sportu znajdzie co\u015b dla siebie. Od najm\u0142odszych do senior\u00f3w w\u0142\u0105cznie. Mo\u017ce warto zatem w ramach licznych noworocznych postanowie\u0144&#8230;<\/p>\n","protected":false},"author":2,"featured_media":0,"comment_status":"closed","ping_status":"closed","sticky":false,"template":"","format":"standard","meta":{"_kadence_starter_templates_imported_post":false,"_kad_post_transparent":"","_kad_post_title":"","_kad_post_layout":"","_kad_post_sidebar_id":"","_kad_post_content_style":"","_kad_post_vertical_padding":"","_kad_post_feature":"","_kad_post_feature_position":"","_kad_post_header":false,"_kad_post_footer":false,"footnotes":""},"categories":[2],"tags":[],"class_list":["post-5231","post","type-post","status-publish","format-standard","hentry","category-aktualnosci"],"_links":{"self":[{"href":"https:\/\/www.osirtuchola.pl\/index.php?rest_route=\/wp\/v2\/posts\/5231","targetHints":{"allow":["GET"]}}],"collection":[{"href":"https:\/\/www.osirtuchola.pl\/index.php?rest_route=\/wp\/v2\/posts"}],"about":[{"href":"https:\/\/www.osirtuchola.pl\/index.php?rest_route=\/wp\/v2\/types\/post"}],"author":[{"embeddable":true,"href":"https:\/\/www.osirtuchola.pl\/index.php?rest_route=\/wp\/v2\/users\/2"}],"replies":[{"embeddable":true,"href":"https:\/\/www.osirtuchola.pl\/index.php?rest_route=%2Fwp%2Fv2%2Fcomments&post=5231"}],"version-history":[{"count":4,"href":"https:\/\/www.osirtuchola.pl\/index.php?rest_route=\/wp\/v2\/posts\/5231\/revisions"}],"predecessor-version":[{"id":5240,"href":"https:\/\/www.osirtuchola.pl\/index.php?rest_route=\/wp\/v2\/posts\/5231\/revisions\/5240"}],"wp:attachment":[{"href":"https:\/\/www.osirtuchola.pl\/index.php?rest_route=%2Fwp%2Fv2%2Fmedia&parent=5231"}],"wp:term":[{"taxonomy":"category","embeddable":true,"href":"https:\/\/www.osirtuchola.pl\/index.php?rest_route=%2Fwp%2Fv2%2Fcategories&post=5231"},{"taxonomy":"post_tag","embeddable":true,"href":"https:\/\/www.osirtuchola.pl\/index.php?rest_route=%2Fwp%2Fv2%2Ftags&post=5231"}],"curies":[{"name":"wp","href":"https:\/\/api.w.org\/{rel}","templated":true}]}}