{"id":6221,"date":"2022-10-21T12:38:21","date_gmt":"2022-10-21T12:38:21","guid":{"rendered":"https:\/\/www.osirtuchola.pl\/?p=6221"},"modified":"2022-10-21T12:38:50","modified_gmt":"2022-10-21T12:38:50","slug":"bal-wszystkich-swietych","status":"publish","type":"post","link":"https:\/\/www.osirtuchola.pl\/?p=6221","title":{"rendered":"Bal Wszystkich \u015awi\u0119tych."},"content":{"rendered":"\n<p>W niedziele na hali widowiskowej odb\u0119dzie si\u0119 Bal Wszystkich \u015awi\u0119tych na kt\u00f3ry serdecznie zapraszamy wszystkie dzieci wraz z rodzicami. To \u015bwietna okazja na mi\u0142e sp\u0119dzenie wolnej niedzieli<img loading=\"lazy\" decoding=\"async\" height=\"16\" width=\"16\" alt=\"&#x1f468;&#x200d;&#x1f469;&#x200d;&#x1f467;&#x200d;&#x1f466;\" src=\"https:\/\/static.xx.fbcdn.net\/images\/emoji.php\/v9\/t9b\/1\/16\/1f468_200d_1f469_200d_1f467_200d_1f466.png\"><\/p>\n\n\n\n<figure class=\"wp-block-image size-large is-resized\"><img loading=\"lazy\" decoding=\"async\" src=\"https:\/\/www.osirtuchola.pl\/wp-content\/uploads\/2022\/10\/Bal-Wszystkich-Swietych-724x1024.jpg\" alt=\"\" class=\"wp-image-6222\" width=\"369\" height=\"521\" srcset=\"https:\/\/www.osirtuchola.pl\/wp-content\/uploads\/2022\/10\/Bal-Wszystkich-Swietych-724x1024.jpg 724w, https:\/\/www.osirtuchola.pl\/wp-content\/uploads\/2022\/10\/Bal-Wszystkich-Swietych-212x300.jpg 212w, https:\/\/www.osirtuchola.pl\/wp-content\/uploads\/2022\/10\/Bal-Wszystkich-Swietych-768x1086.jpg 768w, https:\/\/www.osirtuchola.pl\/wp-content\/uploads\/2022\/10\/Bal-Wszystkich-Swietych-1086x1536.jpg 1086w, https:\/\/www.osirtuchola.pl\/wp-content\/uploads\/2022\/10\/Bal-Wszystkich-Swietych-610x863.jpg 610w, https:\/\/www.osirtuchola.pl\/wp-content\/uploads\/2022\/10\/Bal-Wszystkich-Swietych.jpg 1448w\" sizes=\"auto, (max-width: 369px) 100vw, 369px\" \/><\/figure>\n","protected":false},"excerpt":{"rendered":"<p>W niedziele na hali widowiskowej odb\u0119dzie si\u0119 Bal Wszystkich \u015awi\u0119tych na kt\u00f3ry serdecznie zapraszamy wszystkie dzieci wraz z rodzicami. To \u015bwietna okazja na mi\u0142e sp\u0119dzenie wolnej niedzieli<\/p>\n","protected":false},"author":2,"featured_media":0,"comment_status":"closed","ping_status":"closed","sticky":false,"template":"","format":"standard","meta":{"_kadence_starter_templates_imported_post":false,"_kad_post_transparent":"","_kad_post_title":"","_kad_post_layout":"","_kad_post_sidebar_id":"","_kad_post_content_style":"","_kad_post_vertical_padding":"","_kad_post_feature":"","_kad_post_feature_position":"","_kad_post_header":false,"_kad_post_footer":false,"footnotes":""},"categories":[2],"tags":[],"class_list":["post-6221","post","type-post","status-publish","format-standard","hentry","category-aktualnosci"],"_links":{"self":[{"href":"https:\/\/www.osirtuchola.pl\/index.php?rest_route=\/wp\/v2\/posts\/6221","targetHints":{"allow":["GET"]}}],"collection":[{"href":"https:\/\/www.osirtuchola.pl\/index.php?rest_route=\/wp\/v2\/posts"}],"about":[{"href":"https:\/\/www.osirtuchola.pl\/index.php?rest_route=\/wp\/v2\/types\/post"}],"author":[{"embeddable":true,"href":"https:\/\/www.osirtuchola.pl\/index.php?rest_route=\/wp\/v2\/users\/2"}],"replies":[{"embeddable":true,"href":"https:\/\/www.osirtuchola.pl\/index.php?rest_route=%2Fwp%2Fv2%2Fcomments&post=6221"}],"version-history":[{"count":3,"href":"https:\/\/www.osirtuchola.pl\/index.php?rest_route=\/wp\/v2\/posts\/6221\/revisions"}],"predecessor-version":[{"id":6225,"href":"https:\/\/www.osirtuchola.pl\/index.php?rest_route=\/wp\/v2\/posts\/6221\/revisions\/6225"}],"wp:attachment":[{"href":"https:\/\/www.osirtuchola.pl\/index.php?rest_route=%2Fwp%2Fv2%2Fmedia&parent=6221"}],"wp:term":[{"taxonomy":"category","embeddable":true,"href":"https:\/\/www.osirtuchola.pl\/index.php?rest_route=%2Fwp%2Fv2%2Fcategories&post=6221"},{"taxonomy":"post_tag","embeddable":true,"href":"https:\/\/www.osirtuchola.pl\/index.php?rest_route=%2Fwp%2Fv2%2Ftags&post=6221"}],"curies":[{"name":"wp","href":"https:\/\/api.w.org\/{rel}","templated":true}]}}