{"id":6419,"date":"2023-03-10T07:52:47","date_gmt":"2023-03-10T07:52:47","guid":{"rendered":"https:\/\/www.osirtuchola.pl\/?p=6419"},"modified":"2023-03-10T07:52:48","modified_gmt":"2023-03-10T07:52:48","slug":"powiatowe-targi-pracy","status":"publish","type":"post","link":"https:\/\/www.osirtuchola.pl\/?p=6419","title":{"rendered":"Powiatowe Targi Pracy."},"content":{"rendered":"\n<p>Zapraszamy serdecznie na Powiatowe Targi Pracy i Edukacji, kt\u00f3re odb\u0119d\u0105 si\u0119 w pi\u0105tek 10.03.2023 na naszej hali widowiskowej od godziny 10:00. <\/p>\n\n\n\n<p>Szczeg\u00f3\u0142y na stronie: <a rel=\"noreferrer noopener\" href=\"https:\/\/tuchola.praca.gov.pl\/?fbclid=IwAR1hGQCBuK6adqB87PkPJOvwvCNDAFT3izQNWs3gI4D6YzJfBZ2nCuOuusU\" target=\"_blank\">https:\/\/tuchola.praca.gov.pl\/<\/a><\/p>\n\n\n\n<figure class=\"wp-block-image size-large is-resized\"><img loading=\"lazy\" decoding=\"async\" src=\"https:\/\/www.osirtuchola.pl\/wp-content\/uploads\/2023\/03\/Plakat-TP-2023-714x1024.jpg\" alt=\"\" class=\"wp-image-6420\" width=\"465\" height=\"666\" srcset=\"https:\/\/www.osirtuchola.pl\/wp-content\/uploads\/2023\/03\/Plakat-TP-2023-714x1024.jpg 714w, https:\/\/www.osirtuchola.pl\/wp-content\/uploads\/2023\/03\/Plakat-TP-2023-209x300.jpg 209w, https:\/\/www.osirtuchola.pl\/wp-content\/uploads\/2023\/03\/Plakat-TP-2023-768x1101.jpg 768w, https:\/\/www.osirtuchola.pl\/wp-content\/uploads\/2023\/03\/Plakat-TP-2023-1071x1536.jpg 1071w, https:\/\/www.osirtuchola.pl\/wp-content\/uploads\/2023\/03\/Plakat-TP-2023-1429x2048.jpg 1429w, https:\/\/www.osirtuchola.pl\/wp-content\/uploads\/2023\/03\/Plakat-TP-2023-610x875.jpg 610w, https:\/\/www.osirtuchola.pl\/wp-content\/uploads\/2023\/03\/Plakat-TP-2023-scaled.jpg 1786w\" sizes=\"auto, (max-width: 465px) 100vw, 465px\" \/><\/figure>\n","protected":false},"excerpt":{"rendered":"<p>Zapraszamy serdecznie na Powiatowe Targi Pracy i Edukacji, kt\u00f3re odb\u0119d\u0105 si\u0119 w pi\u0105tek 10.03.2023 na naszej hali widowiskowej od godziny 10:00. Szczeg\u00f3\u0142y na stronie: https:\/\/tuchola.praca.gov.pl\/<\/p>\n","protected":false},"author":2,"featured_media":0,"comment_status":"closed","ping_status":"closed","sticky":false,"template":"","format":"standard","meta":{"_kadence_starter_templates_imported_post":false,"_kad_post_transparent":"","_kad_post_title":"","_kad_post_layout":"","_kad_post_sidebar_id":"","_kad_post_content_style":"","_kad_post_vertical_padding":"","_kad_post_feature":"","_kad_post_feature_position":"","_kad_post_header":false,"_kad_post_footer":false,"footnotes":""},"categories":[2],"tags":[],"class_list":["post-6419","post","type-post","status-publish","format-standard","hentry","category-aktualnosci"],"_links":{"self":[{"href":"https:\/\/www.osirtuchola.pl\/index.php?rest_route=\/wp\/v2\/posts\/6419","targetHints":{"allow":["GET"]}}],"collection":[{"href":"https:\/\/www.osirtuchola.pl\/index.php?rest_route=\/wp\/v2\/posts"}],"about":[{"href":"https:\/\/www.osirtuchola.pl\/index.php?rest_route=\/wp\/v2\/types\/post"}],"author":[{"embeddable":true,"href":"https:\/\/www.osirtuchola.pl\/index.php?rest_route=\/wp\/v2\/users\/2"}],"replies":[{"embeddable":true,"href":"https:\/\/www.osirtuchola.pl\/index.php?rest_route=%2Fwp%2Fv2%2Fcomments&post=6419"}],"version-history":[{"count":1,"href":"https:\/\/www.osirtuchola.pl\/index.php?rest_route=\/wp\/v2\/posts\/6419\/revisions"}],"predecessor-version":[{"id":6421,"href":"https:\/\/www.osirtuchola.pl\/index.php?rest_route=\/wp\/v2\/posts\/6419\/revisions\/6421"}],"wp:attachment":[{"href":"https:\/\/www.osirtuchola.pl\/index.php?rest_route=%2Fwp%2Fv2%2Fmedia&parent=6419"}],"wp:term":[{"taxonomy":"category","embeddable":true,"href":"https:\/\/www.osirtuchola.pl\/index.php?rest_route=%2Fwp%2Fv2%2Fcategories&post=6419"},{"taxonomy":"post_tag","embeddable":true,"href":"https:\/\/www.osirtuchola.pl\/index.php?rest_route=%2Fwp%2Fv2%2Ftags&post=6419"}],"curies":[{"name":"wp","href":"https:\/\/api.w.org\/{rel}","templated":true}]}}