{"id":6496,"date":"2023-05-09T10:02:09","date_gmt":"2023-05-09T10:02:09","guid":{"rendered":"https:\/\/www.osirtuchola.pl\/?p=6496"},"modified":"2023-05-09T11:34:44","modified_gmt":"2023-05-09T11:34:44","slug":"basf-procam-cup-2023","status":"publish","type":"post","link":"https:\/\/www.osirtuchola.pl\/?p=6496","title":{"rendered":"BASF Procam Cup 2023"},"content":{"rendered":"\n<p>Wczoraj na naszych obiektach kr\u00f3lowali m\u0142odzi pi\u0142karze i pi\u0142karki, kt\u00f3rzy brali udzia\u0142 w Og\u00f3lnopolskim turnieju BASF Procam Cup 2023. Nasze miasto reprezentowa\u0142a dru\u017cyna MLKS Tucholanka Therapeutica Tuchola 2012 , kt\u00f3ra po pi\u0119knej grze wywalczy\u0142a 3 miejsce w tym presti\u017cowym turnieju.<\/p>\n\n\n\n<p>Fotorelacja z wydarzenia jest dost\u0119pna na stronie: <a href=\"https:\/\/www.facebook.com\/basfprocamcup?__cft__[0]=AZV4UO1WZLjbJZmkL8bHSquH6c_xvTzWqV4CSsRdGfzR4IDxbrHhuZ1-epjEdm2F68aWqoaWDe1RSDp2YwHX4qcJyKs6uWb2B3eSg-ws7JjMR8MhfrC0I2t-XEmwVJ0VqKxlnmuEedBBk5Uz_20RAny7ghRgJpofCgm9a1VtK6Qx7OUJUQBP_A5NRZQQAk1yg9M&amp;__tn__=-]K-R\">BASF Procam Cup 2023<\/a><\/p>\n\n\n\n<p>Fot. <a href=\"https:\/\/www.facebook.com\/basfprocamcup?__cft__[0]=AZV4UO1WZLjbJZmkL8bHSquH6c_xvTzWqV4CSsRdGfzR4IDxbrHhuZ1-epjEdm2F68aWqoaWDe1RSDp2YwHX4qcJyKs6uWb2B3eSg-ws7JjMR8MhfrC0I2t-XEmwVJ0VqKxlnmuEedBBk5Uz_20RAny7ghRgJpofCgm9a1VtK6Qx7OUJUQBP_A5NRZQQAk1yg9M&amp;__tn__=-]K-R\">BASF Procam Cup 2023<\/a><\/p>\n\n\n\n<figure class=\"wp-block-image size-large is-resized\"><img loading=\"lazy\" decoding=\"async\" src=\"https:\/\/www.osirtuchola.pl\/wp-content\/uploads\/2023\/05\/345629031_1296244374576854_903212995406090792_n-1024x683.jpg\" alt=\"\" class=\"wp-image-6497\" width=\"543\" height=\"362\" srcset=\"https:\/\/www.osirtuchola.pl\/wp-content\/uploads\/2023\/05\/345629031_1296244374576854_903212995406090792_n-1024x683.jpg 1024w, https:\/\/www.osirtuchola.pl\/wp-content\/uploads\/2023\/05\/345629031_1296244374576854_903212995406090792_n-300x200.jpg 300w, https:\/\/www.osirtuchola.pl\/wp-content\/uploads\/2023\/05\/345629031_1296244374576854_903212995406090792_n-768x512.jpg 768w, https:\/\/www.osirtuchola.pl\/wp-content\/uploads\/2023\/05\/345629031_1296244374576854_903212995406090792_n-610x407.jpg 610w, https:\/\/www.osirtuchola.pl\/wp-content\/uploads\/2023\/05\/345629031_1296244374576854_903212995406090792_n.jpg 1200w\" sizes=\"auto, (max-width: 543px) 100vw, 543px\" \/><\/figure>\n","protected":false},"excerpt":{"rendered":"<p>Wczoraj na naszych obiektach kr\u00f3lowali m\u0142odzi pi\u0142karze i pi\u0142karki, kt\u00f3rzy brali udzia\u0142 w Og\u00f3lnopolskim turnieju BASF Procam Cup 2023. Nasze miasto reprezentowa\u0142a dru\u017cyna MLKS Tucholanka Therapeutica Tuchola 2012 , kt\u00f3ra po pi\u0119knej grze wywalczy\u0142a 3 miejsce w tym presti\u017cowym turnieju. Fotorelacja z wydarzenia jest dost\u0119pna na stronie: BASF Procam Cup 2023 Fot. BASF Procam Cup&#8230;<\/p>\n","protected":false},"author":2,"featured_media":0,"comment_status":"closed","ping_status":"closed","sticky":false,"template":"","format":"standard","meta":{"_kadence_starter_templates_imported_post":false,"_kad_post_transparent":"","_kad_post_title":"","_kad_post_layout":"","_kad_post_sidebar_id":"","_kad_post_content_style":"","_kad_post_vertical_padding":"","_kad_post_feature":"","_kad_post_feature_position":"","_kad_post_header":false,"_kad_post_footer":false,"footnotes":""},"categories":[2],"tags":[],"class_list":["post-6496","post","type-post","status-publish","format-standard","hentry","category-aktualnosci"],"_links":{"self":[{"href":"https:\/\/www.osirtuchola.pl\/index.php?rest_route=\/wp\/v2\/posts\/6496","targetHints":{"allow":["GET"]}}],"collection":[{"href":"https:\/\/www.osirtuchola.pl\/index.php?rest_route=\/wp\/v2\/posts"}],"about":[{"href":"https:\/\/www.osirtuchola.pl\/index.php?rest_route=\/wp\/v2\/types\/post"}],"author":[{"embeddable":true,"href":"https:\/\/www.osirtuchola.pl\/index.php?rest_route=\/wp\/v2\/users\/2"}],"replies":[{"embeddable":true,"href":"https:\/\/www.osirtuchola.pl\/index.php?rest_route=%2Fwp%2Fv2%2Fcomments&post=6496"}],"version-history":[{"count":3,"href":"https:\/\/www.osirtuchola.pl\/index.php?rest_route=\/wp\/v2\/posts\/6496\/revisions"}],"predecessor-version":[{"id":6510,"href":"https:\/\/www.osirtuchola.pl\/index.php?rest_route=\/wp\/v2\/posts\/6496\/revisions\/6510"}],"wp:attachment":[{"href":"https:\/\/www.osirtuchola.pl\/index.php?rest_route=%2Fwp%2Fv2%2Fmedia&parent=6496"}],"wp:term":[{"taxonomy":"category","embeddable":true,"href":"https:\/\/www.osirtuchola.pl\/index.php?rest_route=%2Fwp%2Fv2%2Fcategories&post=6496"},{"taxonomy":"post_tag","embeddable":true,"href":"https:\/\/www.osirtuchola.pl\/index.php?rest_route=%2Fwp%2Fv2%2Ftags&post=6496"}],"curies":[{"name":"wp","href":"https:\/\/api.w.org\/{rel}","templated":true}]}}