{"id":8087,"date":"2025-12-09T14:05:42","date_gmt":"2025-12-09T14:05:42","guid":{"rendered":"https:\/\/www.osirtuchola.pl\/?p=8087"},"modified":"2025-12-09T14:05:42","modified_gmt":"2025-12-09T14:05:42","slug":"miedzynarodowy-dzien-osob-niepelnosprawnych","status":"publish","type":"post","link":"https:\/\/www.osirtuchola.pl\/?p=8087","title":{"rendered":"Mi\u0119dzynarodowy Dzie\u0144 Os\u00f3b Niepe\u0142nosprawnych."},"content":{"rendered":"\n<figure class=\"wp-block-image size-large\"><img loading=\"lazy\" decoding=\"async\" width=\"714\" height=\"1024\" src=\"https:\/\/www.osirtuchola.pl\/wp-content\/uploads\/2025\/12\/IMG-20251119-WA0004-714x1024.jpg\" alt=\"\" class=\"wp-image-8088\" srcset=\"https:\/\/www.osirtuchola.pl\/wp-content\/uploads\/2025\/12\/IMG-20251119-WA0004-714x1024.jpg 714w, https:\/\/www.osirtuchola.pl\/wp-content\/uploads\/2025\/12\/IMG-20251119-WA0004-209x300.jpg 209w, https:\/\/www.osirtuchola.pl\/wp-content\/uploads\/2025\/12\/IMG-20251119-WA0004-768x1102.jpg 768w, https:\/\/www.osirtuchola.pl\/wp-content\/uploads\/2025\/12\/IMG-20251119-WA0004-1070x1536.jpg 1070w, https:\/\/www.osirtuchola.pl\/wp-content\/uploads\/2025\/12\/IMG-20251119-WA0004.jpg 1115w\" sizes=\"auto, (max-width: 714px) 100vw, 714px\" \/><\/figure>\n","protected":false},"excerpt":{"rendered":"","protected":false},"author":2,"featured_media":8088,"comment_status":"closed","ping_status":"closed","sticky":false,"template":"","format":"standard","meta":{"_kadence_starter_templates_imported_post":false,"_kad_post_transparent":"","_kad_post_title":"","_kad_post_layout":"","_kad_post_sidebar_id":"","_kad_post_content_style":"","_kad_post_vertical_padding":"","_kad_post_feature":"","_kad_post_feature_position":"","_kad_post_header":false,"_kad_post_footer":false,"footnotes":""},"categories":[2],"tags":[],"class_list":["post-8087","post","type-post","status-publish","format-standard","has-post-thumbnail","hentry","category-aktualnosci"],"_links":{"self":[{"href":"https:\/\/www.osirtuchola.pl\/index.php?rest_route=\/wp\/v2\/posts\/8087","targetHints":{"allow":["GET"]}}],"collection":[{"href":"https:\/\/www.osirtuchola.pl\/index.php?rest_route=\/wp\/v2\/posts"}],"about":[{"href":"https:\/\/www.osirtuchola.pl\/index.php?rest_route=\/wp\/v2\/types\/post"}],"author":[{"embeddable":true,"href":"https:\/\/www.osirtuchola.pl\/index.php?rest_route=\/wp\/v2\/users\/2"}],"replies":[{"embeddable":true,"href":"https:\/\/www.osirtuchola.pl\/index.php?rest_route=%2Fwp%2Fv2%2Fcomments&post=8087"}],"version-history":[{"count":1,"href":"https:\/\/www.osirtuchola.pl\/index.php?rest_route=\/wp\/v2\/posts\/8087\/revisions"}],"predecessor-version":[{"id":8089,"href":"https:\/\/www.osirtuchola.pl\/index.php?rest_route=\/wp\/v2\/posts\/8087\/revisions\/8089"}],"wp:featuredmedia":[{"embeddable":true,"href":"https:\/\/www.osirtuchola.pl\/index.php?rest_route=\/wp\/v2\/media\/8088"}],"wp:attachment":[{"href":"https:\/\/www.osirtuchola.pl\/index.php?rest_route=%2Fwp%2Fv2%2Fmedia&parent=8087"}],"wp:term":[{"taxonomy":"category","embeddable":true,"href":"https:\/\/www.osirtuchola.pl\/index.php?rest_route=%2Fwp%2Fv2%2Fcategories&post=8087"},{"taxonomy":"post_tag","embeddable":true,"href":"https:\/\/www.osirtuchola.pl\/index.php?rest_route=%2Fwp%2Fv2%2Ftags&post=8087"}],"curies":[{"name":"wp","href":"https:\/\/api.w.org\/{rel}","templated":true}]}}