{"id":859,"date":"2013-01-06T07:51:14","date_gmt":"2013-01-06T07:51:14","guid":{"rendered":"http:\/\/www.osirtuchola.pl\/?p=859"},"modified":"2013-01-06T07:51:14","modified_gmt":"2013-01-06T07:51:14","slug":"harmonogram-gier-halowej-pilki-noznej","status":"publish","type":"post","link":"https:\/\/www.osirtuchola.pl\/?p=859","title":{"rendered":"MISTRZOSTWO LIGI  DLA 7 WSPANIA\u0141YCH"},"content":{"rendered":"<p><a href=\"http:\/\/www.osirtuchola.pl\/?attachment_id=861\" rel=\"attachment wp-att-861\"><img loading=\"lazy\" decoding=\"async\" class=\"alignleft  wp-image-861\" title=\"Logo OSiR\" src=\"http:\/\/www.osirtuchola.pl\/wp-content\/uploads\/2012\/10\/Logo-OSiR.png\" alt=\"\" width=\"239\" height=\"187\" \/><\/a>Zako\u0144czy\u0142y si\u0119 rozgrywki 13 Ligi Halowej Pi\u0142ki No\u017cnej. 123 mecze, 23 dru\u017cyny i blisko pi\u0119\u0107 miesi\u0119cy rywalizacji. To wielkie przedsi\u0119wzi\u0119cie sportowe pozwoli\u0142o wy\u0142oni\u0107 <strong>Mistrza Ligi, \u00a0kt\u00f3rym podobnie jak sezon wcze\u015bniej, zosta\u0142a dru\u017cyna<\/strong> <strong>7 WSPANIA\u0141YCH<\/strong> graj\u0105ca w sk\u0142adzie: <strong>Karol Gwo\u017adziewicz, Przemys\u0142aw Madej, Mateusz Nowak, Artur Opic, Marek Pasi\u0144ski, Rafa\u0142 Pasi\u0144ski, Adrian Pril, Mateusz Pril, Damian Rybacki, Liwiusz Szczepa\u0144ski, Maciej Mayer. Drugie miejsce i tytu\u0142 wicemistrza zdoby\u0142a GALANTERIA DRZEWNA \u015aLIWICE w sk\u0142adzie: Bartosz Podlewski, Przemys\u0142aw Podlewski, Bartosz Remus, Tomasz Czaja, \u0141ukasz Leper, Marek Kaszubowski, Jacek Kosch, Dawid R\u00f3\u017cek, Bartosz Tala\u015bka, Micha\u0142 Cichowicz i Mateusz Bru\u017adzi\u0144ski, a na miejscu trzecim uplasowa\u0142a si\u0119 AQUA IMPEX TUCHOLA w barwach kt\u00f3rej zagrali: Mateusz Cykof, Piotr Wojciechowski, Bartosz Babi\u0144ski, Jaros\u0142aw Ostrowski, Dariusz Szulc, Bartosz Gromowski, Mateusz Renkiewicz, Miros\u0142aw Ostrowski, Patryk Kaszczyszyn, Bartosz Kaszczyszyn, Mateusz Danielek, Piotr Spitza.<\/strong><\/p>\n<p>O kolejno\u015bci miejsc w tabeli na pierwszych i ostatnich trzech miejscach decydowa\u0142a dodatkowa tabela dla dru\u017cyn, kt\u00f3re zdoby\u0142y r\u00f3wna ilo\u015b\u0107 pkt. Zar\u00f3wno bowiem 7 Wspania\u0142ych, Galanteria Drzewna \u015aliwice jak i Aqua Impex Tuchola zgromadzi\u0142y na swoim koncie po 24 pkt. a na ko\u0144cu tabeli z 7 pkt. uplasowa\u0142y si\u0119: Mardar ZSL Tuchola, Olpas K\u0119sowo i FC Mechanik. <strong>Kr\u00f3lem strzelc\u00f3w z dorobkiem 12 bramek, zosta\u0142 zawodnik mistrza ligi RAFA\u0141 PASI\u0143SKI.<\/strong> Dok\u0142adna rozpiska oraz wszystkie tabele w zak\u0142adce <strong>TABELA WYNIK\u00d3W. <\/strong>W 45 meczach I ligi pad\u0142o 206 bramek co daje przeci\u0119tn\u0105 4,57 bramki na jeden mecz. S\u0119dziowie odgwizdali 278 fauli \u00a0czyli ponad 6 fauli na mecz. \u017b\u00f3\u0142ty kartonik zawodnicy ogl\u0105dali 26 razy. Co ciekawe i godne pochwa\u0142y \u017caden z zawodnik\u00f3w nie otrzyma\u0142 od arbitr\u00f3w <strong>Mariusz Hoppe, Kazimierza Linke i Henryka Sali,<\/strong> czerwonej kartki. Szeregi pierwszoligowe opuszczaj\u0105, zdyskwalifikowana za 3 walkowery Bia\u0142owieska Lokomotywa oraz Olpas K\u0119sowo, \u00a0\u00a0\u00a0\u00a0\u00a0\u00a0\u00a0 natomiast dru\u017cyny z VIII i VII miejsca w dniu dzisiejszym rozegraj\u0105 bara\u017ce o utrzymanie si\u0119 w I lidze.\u00a0 <strong><\/strong><\/p>\n<p><strong>O godz. 20.00 MP MEBLE MOELLER zagra z MARDAREM ZSL TUCHOLA a o godz. 20.30 AQUARIUS HUDRO \u2013 WOD zmierzy si\u0119 z AG\u0104 BIZON TUCH\u00d3\u0141KA<\/strong>.<\/p>\n<p><a href=\"https:\/\/dl.dropbox.com\/u\/73638416\/PI%C5%81KA%20HALOWA\/2012%20%202013\/Sk%C5%82ad%20Lig%20Liga%20halowej%20pi%C5%82ki%20no%C5%BCnej%20w%20sezonie%202012%202013.docx\">SK\u0141AD <\/a><a href=\"http:\/\/www.osirtuchola.pl\/?attachment_id=1184\" rel=\"attachment wp-att-1184\"><img loading=\"lazy\" decoding=\"async\" class=\"alignleft  wp-image-1184\" title=\"PI\u0141KA\" src=\"http:\/\/www.osirtuchola.pl\/wp-content\/uploads\/2013\/01\/PI\u0141KA1-150x150.jpg\" alt=\"\" width=\"158\" height=\"150\" \/><\/a><a href=\"https:\/\/dl.dropbox.com\/u\/73638416\/PI%C5%81KA%20HALOWA\/2012%20%202013\/Sk%C5%82ad%20Lig%20Liga%20halowej%20pi%C5%82ki%20no%C5%BCnej%20w%20sezonie%202012%202013.docx\">I i II LIGI W SEZONIE 2012 \/ 2013.<\/a><\/p>\n<p><a href=\"https:\/\/dl.dropbox.com\/u\/73638416\/PI%C5%81KA%20HALOWA\/2012%20%202013\/Harmonogram%20rozgrywek%20Halowej%20Ligi%20Pi%C5%82ki%20No%C5%BCnej%20w%20sezonie%202012%202013.docx\">AKTUALNY HARMONOGRAM GIER.\u00a0<\/a><\/p>\n<p><a href=\"https:\/\/dl.dropbox.com\/u\/73638416\/PI%C5%81KA%20HALOWA\/2012%20%202013\/TABELE%20WYNIK%C3%93W.xlsx\">TABELA WYNIK\u00d3W.<\/a><\/p>\n<p><a href=\"https:\/\/dl.dropbox.com\/u\/73638416\/PI%C5%81KA%20HALOWA\/2012%20%202013\/II%20LIGA%20KLASYFIKACJA%20STRZELC%C3%93W.doc\">KLASYFIKACJA STRZELC\u00d3W II LIGA.<\/a><\/p>\n<p><a href=\"https:\/\/dl.dropbox.com\/u\/73638416\/PI%C5%81KA%20HALOWA\/2012%20%202013\/I%20LIGA%20KLASYFIKACJA%20STRZELC%C3%93W.doc\">KLASYFIKACJA\u00a0 STRZELC\u00d3W I LIGA.<\/a><\/p>\n<p><a href=\"https:\/\/dl.dropbox.com\/u\/73638416\/PI%C5%81KA%20HALOWA\/2012%20%202013\/Regulamin%20Ligi%20Halowej%20sezon%202012%202013.pdf\">REGULAMIN LIGI.<\/a><\/p>\n<p>&nbsp;<\/p>\n<p>Z OSTATNIEJ CHWILI &#8211; W I LIDZE W\u00a0 PRZYSZ\u0141YM SEZONIE ZAGRAJ\u0104 <strong>MP MOELLER\u00a0 MEBLE<\/strong> oraz <strong>AGA BIZON TUCH\u00d3\u0141KA<\/strong>.<\/p>\n<p><object width=\"600\" height=\"400\" classid=\"clsid:d27cdb6e-ae6d-11cf-96b8-444553540000\" codebase=\"http:\/\/download.macromedia.com\/pub\/shockwave\/cabs\/flash\/swflash.cab#version=6,0,40,0\"><param name=\"src\" value=\"https:\/\/picasaweb.google.com\/s\/c\/bin\/slideshow.swf\" \/><param name=\"flashvars\" value=\"host=picasaweb.google.com&amp;hl=pl&amp;feat=flashalbum&amp;RGB=0x000000&amp;feed=https%3A%2F%2Fpicasaweb.google.com%2Fdata%2Ffeed%2Fapi%2Fuser%2F100527176904712557505%2Falbumid%2F5849586971812317969%3Falt%3Drss%26kind%3Dphoto%26hl%3Dpl\" \/><param name=\"pluginspage\" value=\"http:\/\/www.macromedia.com\/go\/getflashplayer\" \/><embed width=\"600\" height=\"400\" type=\"application\/x-shockwave-flash\" src=\"https:\/\/picasaweb.google.com\/s\/c\/bin\/slideshow.swf\" flashvars=\"host=picasaweb.google.com&amp;hl=pl&amp;feat=flashalbum&amp;RGB=0x000000&amp;feed=https%3A%2F%2Fpicasaweb.google.com%2Fdata%2Ffeed%2Fapi%2Fuser%2F100527176904712557505%2Falbumid%2F5849586971812317969%3Falt%3Drss%26kind%3Dphoto%26hl%3Dpl\" pluginspage=\"http:\/\/www.macromedia.com\/go\/getflashplayer\" \/><\/object><\/p>\n<p>&nbsp;<\/p>\n<p>&nbsp;<\/p>\n<p>&nbsp;<\/p>\n","protected":false},"excerpt":{"rendered":"<p>Zako\u0144czy\u0142y si\u0119 rozgrywki 13 Ligi Halowej Pi\u0142ki No\u017cnej. 123 mecze, 23 dru\u017cyny i blisko pi\u0119\u0107 miesi\u0119cy rywalizacji. To wielkie przedsi\u0119wzi\u0119cie sportowe pozwoli\u0142o wy\u0142oni\u0107 Mistrza Ligi, \u00a0kt\u00f3rym podobnie jak sezon wcze\u015bniej, zosta\u0142a dru\u017cyna 7 WSPANIA\u0141YCH graj\u0105ca w sk\u0142adzie: Karol Gwo\u017adziewicz, Przemys\u0142aw Madej, Mateusz Nowak, Artur Opic, Marek Pasi\u0144ski, Rafa\u0142 Pasi\u0144ski, Adrian Pril, Mateusz Pril, Damian Rybacki,&#8230;<\/p>\n","protected":false},"author":2,"featured_media":0,"comment_status":"closed","ping_status":"open","sticky":false,"template":"","format":"standard","meta":{"_kadence_starter_templates_imported_post":false,"_kad_post_transparent":"","_kad_post_title":"","_kad_post_layout":"","_kad_post_sidebar_id":"","_kad_post_content_style":"","_kad_post_vertical_padding":"","_kad_post_feature":"","_kad_post_feature_position":"","_kad_post_header":false,"_kad_post_footer":false,"footnotes":""},"categories":[2],"tags":[],"class_list":["post-859","post","type-post","status-publish","format-standard","hentry","category-aktualnosci"],"_links":{"self":[{"href":"https:\/\/www.osirtuchola.pl\/index.php?rest_route=\/wp\/v2\/posts\/859","targetHints":{"allow":["GET"]}}],"collection":[{"href":"https:\/\/www.osirtuchola.pl\/index.php?rest_route=\/wp\/v2\/posts"}],"about":[{"href":"https:\/\/www.osirtuchola.pl\/index.php?rest_route=\/wp\/v2\/types\/post"}],"author":[{"embeddable":true,"href":"https:\/\/www.osirtuchola.pl\/index.php?rest_route=\/wp\/v2\/users\/2"}],"replies":[{"embeddable":true,"href":"https:\/\/www.osirtuchola.pl\/index.php?rest_route=%2Fwp%2Fv2%2Fcomments&post=859"}],"version-history":[{"count":0,"href":"https:\/\/www.osirtuchola.pl\/index.php?rest_route=\/wp\/v2\/posts\/859\/revisions"}],"wp:attachment":[{"href":"https:\/\/www.osirtuchola.pl\/index.php?rest_route=%2Fwp%2Fv2%2Fmedia&parent=859"}],"wp:term":[{"taxonomy":"category","embeddable":true,"href":"https:\/\/www.osirtuchola.pl\/index.php?rest_route=%2Fwp%2Fv2%2Fcategories&post=859"},{"taxonomy":"post_tag","embeddable":true,"href":"https:\/\/www.osirtuchola.pl\/index.php?rest_route=%2Fwp%2Fv2%2Ftags&post=859"}],"curies":[{"name":"wp","href":"https:\/\/api.w.org\/{rel}","templated":true}]}}